{"id":2428,"date":"2015-07-24T14:02:33","date_gmt":"2015-07-24T14:02:33","guid":{"rendered":""},"modified":"2026-03-11T09:12:11","modified_gmt":"2026-03-11T14:12:11","slug":"francisco-firma-declaracion-contra-esclavitud-moderna-y-cambio-climotico","status":"publish","type":"post","link":"https:\/\/ceas.org.pe\/index.php\/2015\/07\/24\/francisco-firma-declaracion-contra-esclavitud-moderna-y-cambio-climotico\/","title":{"rendered":"Francisco firma declaraci\u00f3n contra esclavitud moderna y cambio clim\u00f3tico"},"content":{"rendered":"<p>La Pontificia Academia de las Ciencias Sociales del Vaticano divulg\u00f3 este martes 22 de julio la Declaraci\u00f3n conjunta de compromiso de las ciudades contra la esclavitud moderna y el cambio clim\u00e1tico. Documento firmado por el Papa Francisco y los 70 alcaldes del mundo congregados en la Casina Pio IV del Vaticano. A continuaci\u00f3n, publicamos la declaraci\u00f3n completa en espa\u00f1ol.<\/p>\n<div>\u00a0<\/div>\n<div><strong>DECLARACI\u00d3N<\/strong><\/div>\n<div>\u00a0<\/div>\n<div>Los abajo firmantes nos hemos reunido aqu\u00ed, en la Academia Pontificia de las Ciencias Sociales, con el objeto de abordar dos dram\u00e1ticas emergencias correlacionadas: el cambio clim\u00e1tico inducido por el ser humano, y la exclusi\u00f3n social en las formas extremas de radical pobreza, de la esclavitud moderna y de la trata de personas. Hemos llegado hasta aqu\u00ed\u0301 desde diversos \u00e1mbitos y diferentes culturas, y somos as\u00ed el fiel reflejo del deseo, compartido por toda la humanidad, de paz, felicidad, prosperidad, justicia y sostenibilidad ambiental. Siguiendo cuanto afirma la Enc\u00edclica Laudato si\u2019, hemos considerado la abruma- dora evidencia cient\u00edfica que confirma la existencia de un cambio clim\u00e1tico provocado por el ser humano, al igual que la p\u00e9rdida de biodiversidad y la vulnerabilidad de los m\u00e1s pobres a los desastres econ\u00f3micos, sociales y ambientales.<\/div>\n<div>\u00a0<\/div>\n<div>Ante las urgencias planteadas por el cambio clim\u00e1tico antropog\u00e9nico, la exclusi\u00f3n social y la pobreza extrema, es nuestra intenci\u00f3n declarar lo siguiente, fruto de nuestro consenso.<\/div>\n<div>\u00a0<\/div>\n<div>El cambio clim\u00e1tico antropog\u00e9nico es una realidad cient\u00edficamente comprobada, y su efectivo control es un imperativo moral que alcanza a toda la humanidad.<\/div>\n<div>\u00a0<\/div>\n<div>En este fundamental espacio moral, las ciudades de todo el planeta cumplen un papel clave. Todas nuestras tradiciones culturales afirman la inherente dignidad y la responsabilidad social de cada individuo en su relaci\u00f3n con el bien com\u00fan de la humanidad toda. Proclaman lo bello y lo maravilloso del mundo natural, al igual que su inherente bondad, y lo valoran como un don precioso que ha sido confiado a nuestro com\u00fan cuidado; por eso es nuestro deber moral respetar, y nunca devastar, este jard\u00edn que es nuestra \u201ccasa com\u00fan\u201d.<\/div>\n<div>\u00a0<\/div>\n<div>Los pobres y los excluidos, a pesar de que participen m\u00ednimamente en la disrupci\u00f3n del clima, est\u00e1n expuestos a temibles amenazas por causa de perturbaciones clim\u00e1ticas antropog\u00e9nicas tales como la mayor frecuencia de sequ\u00edas, tormentas extremas, olas de calor y el aumento incesante del nivel del mar.<\/div>\n<div>\u00a0<\/div>\n<div>Hoy la humanidad cuenta con los instrumentos tecnol\u00f3gicos, los medios financieros y el conocimiento adecuado para revertir el cambio clim\u00e1tico antr\u00f3pico, poniendo fin, al mismo tiempo, a la pobreza extrema, mediante la aplicaci\u00f3n de soluciones relativas al desarrollo sostenible tales como la adopci\u00f3n de sistemas bajos en carbono, con el respaldo de las tecnolog\u00edas de la informaci\u00f3n y de la comunicaci\u00f3n.<\/div>\n<div>\u00a0<\/div>\n<div>El financiamiento de las iniciativas en pro del desarrollo sostenible, tales como las que apuntan a tener un efectivo control del cambio clim\u00e1tico antropog\u00e9nico, debe estar impulsado por incentivos que ayuden a la transici\u00f3n hacia energ\u00edas bajas en carbono y renovables, y debe incorporar la b\u00fasqueda incansable de la paz, lo que permitir\u00e1 que los presupuestos de los gobiernos pasen a priorizar las inversiones en la sostenibilidad, que tanto hacen falta, en desmedro del gasto b\u00e9lico.<\/div>\n<div>\u00a0<\/div>\n<div>El mundo debe saber que la cumbre sobre el cambio clim\u00e1tico, a celebrarse en Par\u00eds hac\u00eda el final de este a\u00f1o (COP21), puede puede ser la \u00faltima oportunidad efectiva de negociar acuerdos para mantener el calentamiento antropog\u00e9nico por debajo de los dos grados cent\u00edgrados, y para apuntar, para mayor seguridad, a mantener el clima del planeta bien por debajo de ese umbral. Sin embargo, de seguir la trayectoria actual, la humanidad f\u00e1cilmente podr\u00eda alcanzar la devastadora cifra de cuatro grados cent\u00edgrados o m\u00e1s.<\/div>\n<div>Los l\u00edderes pol\u00edticos de todos los Estados Miembros de la ONU tienen la especial responsabilidad de consensuar, en el marco de la COP21, un osado acuerdo en pro del clima que confine el calentamiento del planeta a un l\u00edmite seguro para la humanidad, y que proteja a los m\u00e1s pobres y vulnerables del cambio clim\u00e1tico ininterrumpido, que pone sus vidas en grave peligro. Tal como lo han prometido, los pa\u00edses de altos niveles de ingresos deben ayudar a financiar los costos de la mitigaci\u00f3n del cambio clim\u00e1tico en las naciones m\u00e1s necesitadas.<\/div>\n<div>\u00a0<\/div>\n<div>Para revertir el cambio clim\u00e1tico antr\u00f3pico, ser\u00e1 necesaria una veloz transformaci\u00f3n que haga de nuestro h\u00e1bitat un mundo impulsado por energ\u00edas bajas en carbono \u2013 entre ellas las renovables \u2013, y fundado en la gesti\u00f3n sostenible de los ecosistemas. Dichas transformaciones deber\u00e1n llevarse a cabo en el marco de los Objetivos de Desarrollo Sostenible, que consensuados a nivel mundial, tendr\u00e1n por objeto poner fin a la pobreza extrema; garantizar el acceso universal a la salud, a la educaci\u00f3n de calidad, al agua potable, y a la energ\u00eda sostenible; y fomentar la cooperaci\u00f3n para erradicar la trata de personas y todas las formas modernas de esclavitud.<\/div>\n<div>\u00a0<\/div>\n<div>Como alcaldes nos comprometemos a reforzar en nuestras ciudades y asentamientos urbanos la capacidad de resiliencia de los pobres y de aquellos en situaci\u00f3n de vulnerabilidad y reducir su exposici\u00f3n a los eventos extremos relacionados con el clima y otros impactos, y cat\u00e1strofes econ\u00f3micos, sociales y medioambientales, que fomentan la trata de personas y los riesgos de la migraci\u00f3n forzada.<\/div>\n<div>\u00a0<\/div>\n<div>Asimismo nos comprometemos a terminar con el abuso, la explotaci\u00f3n, la trata de personas y todas las formas de esclavitud moderna, que son cr\u00edmenes de lesa humanidad, incluido el trabajo forzado y la prostituci\u00f3n, el tr\u00e1fico de \u00f3rganos, y la esclavitud dom\u00e9stica. Nos comprometemos tambi\u00e9n a desarrollar programas nacionales de reasentamiento y reintegraci\u00f3n que eviten la repatriaci\u00f3n involuntaria de las personas v\u00edctimas de trata (cf. la revision de los Objetivos de Desarrollo Sostenible de las Naciones Unidas, n. 16.2, realizada por la PASS).<\/div>\n<div>\u00a0<\/div>\n<div>Queremos que nuestras ciudades y asentamientos urbanos sean cada vez m\u00e1s socialmente inclusivos, seguros, resilientes y sostenibles (cf. Objetivos de Desarrollo Sostenible de las Naciones Unidas, n. 11).<\/div>\n<div>\u00a0<\/div>\n<div>Todos los sectores y todas las partes interesadas deber\u00e1n desempe\u00f1ar el papel que les corresponde: este es un compromiso al que cada uno de nosotros se suma plenamente ya como alcaldes ya como personas.<\/div>\n<div>\u00a0<\/div>\n<div>Fuente: aleteia.org<\/div>\n<div>\u00a0<\/div>\n<p><a href=\"http:\/\/web.hilo.org.pe\/wp-content\/uploads\/Franciscocontraesclavitud.jpg\" target=\"_blank\" rel=\"noopener\">Ver archivo adjunto<\/a><\/p>\n","protected":false},"excerpt":{"rendered":"<p>La Pontificia Academia de las Ciencias Sociales del Vaticano divulg? este martes 22 de julio la Declaraci?n conjunta de compromiso de las ciudades contra la esclavitud moderna y el cambio clim?tico. Documento firmado por el Papa Francisco y los 70 alcaldes del mundo congregados en la Casina Pio IV del Vaticano. A continuaci?n, publicamos la declaraci?n completa en espa?ol.<\/p>\n","protected":false},"author":1,"featured_media":7855,"comment_status":"closed","ping_status":"closed","sticky":false,"template":"","format":"standard","meta":{"footnotes":""},"categories":[9],"tags":[],"class_list":["post-2428","post","type-post","status-publish","format-standard","has-post-thumbnail","hentry","category-noticias"],"_links":{"self":[{"href":"https:\/\/ceas.org.pe\/index.php\/wp-json\/wp\/v2\/posts\/2428","targetHints":{"allow":["GET"]}}],"collection":[{"href":"https:\/\/ceas.org.pe\/index.php\/wp-json\/wp\/v2\/posts"}],"about":[{"href":"https:\/\/ceas.org.pe\/index.php\/wp-json\/wp\/v2\/types\/post"}],"author":[{"embeddable":true,"href":"https:\/\/ceas.org.pe\/index.php\/wp-json\/wp\/v2\/users\/1"}],"replies":[{"embeddable":true,"href":"https:\/\/ceas.org.pe\/index.php\/wp-json\/wp\/v2\/comments?post=2428"}],"version-history":[{"count":1,"href":"https:\/\/ceas.org.pe\/index.php\/wp-json\/wp\/v2\/posts\/2428\/revisions"}],"predecessor-version":[{"id":6790,"href":"https:\/\/ceas.org.pe\/index.php\/wp-json\/wp\/v2\/posts\/2428\/revisions\/6790"}],"wp:featuredmedia":[{"embeddable":true,"href":"https:\/\/ceas.org.pe\/index.php\/wp-json\/wp\/v2\/media\/7855"}],"wp:attachment":[{"href":"https:\/\/ceas.org.pe\/index.php\/wp-json\/wp\/v2\/media?parent=2428"}],"wp:term":[{"taxonomy":"category","embeddable":true,"href":"https:\/\/ceas.org.pe\/index.php\/wp-json\/wp\/v2\/categories?post=2428"},{"taxonomy":"post_tag","embeddable":true,"href":"https:\/\/ceas.org.pe\/index.php\/wp-json\/wp\/v2\/tags?post=2428"}],"curies":[{"name":"wp","href":"https:\/\/api.w.org\/{rel}","templated":true}]}}