{"id":2427,"date":"2015-07-24T13:58:09","date_gmt":"2015-07-24T13:58:09","guid":{"rendered":""},"modified":"2026-03-11T09:12:11","modified_gmt":"2026-03-11T14:12:11","slug":"encuentro-latinoamericano-de-comisiones-episcopales-de-catequesis","status":"publish","type":"post","link":"https:\/\/ceas.org.pe\/index.php\/2015\/07\/24\/encuentro-latinoamericano-de-comisiones-episcopales-de-catequesis\/","title":{"rendered":"Encuentro Latinoamericano de Comisiones Episcopales de Catequesis"},"content":{"rendered":"<p>La presentaci\u00f3n y el estudio del texto: \u201cLa alegr\u00eda de iniciar disc\u00edpulos misioneros \u00a0en el cambio de \u00e9poca. Nuevas perspectivas para la Catequesis en Am\u00e9rica Latina y el Caribe\u201d, fue el motivo principal del m\u00e1s reciente Encuentro Latinoamericano y Caribe\u00f1o de las Comisiones Episcopales de Catequesis, realizado en Bogot\u00e1 (Colombia), del 1\u00ba al 5 de junio de 2015.<\/p>\n<div>\u00a0<\/div>\n<div>De acuerdo con los organizadores, el Encuentro se centr\u00f3 en \u201cimpulsar y reflexionar la catequesis en su dimensi\u00f3n misionera a partir de la Palabra de Dios y de los signos de los tiempos, discerniendo las necesarias conversiones pastorales para su realizaci\u00f3n\u201d. En este sentido, la din\u00e1mica desarrollada en grupos de trabajo, reflexi\u00f3n personal, ponencias y plenarias, permiti\u00f3 revisar y enriquecer cada una de las tres partes que componen el nuevo texto \u2013\u201ccontemplar\u201d, \u201cdiscernir\u201d y \u201cproponer\u201d\u2013, las cuales recogen el producto de las reflexiones desarrolladas durante el \u00faltimo cuatrienio, a trav\u00e9s de los encuentros regionales de las Comisiones Episcopales de Catequesis y con la colaboraci\u00f3n del equipo de asesores del \u00e1rea de catequesis del Departamento de Misi\u00f3n y Espiritualidad del CELAM.<\/div>\n<div>\u00a0<\/div>\n<div>Como antecedente que permite ubicar la riqueza de este trabajo, en consonancia con la reflexi\u00f3n catequ\u00e9tica liderada por el CELAM desde hace varias d\u00e9cadas, vale la pena recordar que en 1999 e Departamento de Catequesis del CELAM public\u00f3 el documento \u201cLa catequesis en Am\u00e9rica Latina. Orientaciones comunes a la luz del Directorio General para la Catequesis\u201d. Ahora, este nuevo documento, asume el desaf\u00edo de la Misi\u00f3n Continental Permanente, a la luz de Aparecida, de la Exhorataci\u00f3n Apost\u00f3lica post-sinodal Verbum Domini y de la Exhortaci\u00f3n Apost\u00f3lica Evangelii Gaudium.<\/div>\n<div>\u00a0<\/div>\n<div>Por otra parte, adem\u00e1s de la presentaci\u00f3n y la revisi\u00f3n del texto, el Encuentro propici\u00f3 el compartir de algunas experiencias sobre la iniciaci\u00f3n cristiana de adultos en Honduras y M\u00e9xico y el texto \u201cItinerario catequ\u00e9tico\u201d de la Conferencia Nacional de Obispos de Brasil.<\/div>\n<div>\u00a0<\/div>\n<div>Participaron 28 personas \u20137 obispos, 13 presb\u00edteros, 5 religiosos\/as y 3 laicos\u2013 provenientes de 16 pa\u00edses del Continente: Argentina, Brasil, Chile, Colombia, Costa Rica, Ecuador, Guatemala, Honduras, M\u00e9xico, Nicaragua, Panam\u00e1, Per\u00fa, Puerto Rico, Rep\u00fablica Dominicana, Uruguay y Venezuela.<\/div>\n<div>\u00a0<\/div>\n<div>Al finalizar el Encuentro y como est\u00edmulo para promover el estudio del nuevo documento, los participantes dirigieron un mensaje a los agentes de pastoral catequ\u00e9tica y, de manera particular, a los obispos y responsables nacionales y diocesanos, para animarlos \u201ca leer el documento y a evaluar su pr\u00e1ctica catequ\u00edstica a la luz de \u00e9l\u201d.<\/div>\n<div>\u00a0<\/div>\n<div>Se reproduce a continuaci\u00f3n el mensaje que lleva por t\u00edtulo: \u201cLo hemos le\u00eddo y te animamos a la lectura\u201d.<\/div>\n<div>\u00a0<\/div>\n<div>\u00abLO HEMOS LE\u00cdDO Y TE ANIMAMOS A LA LECTURA\u00bb<\/div>\n<div>\u00a0<\/div>\n<div>En Bogot\u00e1 (Colombia) nos hemos reunido los obispos responsables y secretarios ejecutivos de las comisiones episcopales de catequesis, respondiendo a la invitaci\u00f3n del Departamento de Misi\u00f3n y Espiritualidad del CELAM para estudiar el documento titulado \u201cLa alegr\u00eda de iniciar disc\u00edpulos misioneros en el cambio de \u00e9poca. Nuevas perspectivas para la Catequesis en Am\u00e9rica Latina y El Caribe\u201d.<\/div>\n<div>\u00a0<\/div>\n<div>Con mucha alegr\u00eda hemos recibido este documento y lo hemos estudiado compartiendo posteriormente la reflexi\u00f3n desde nuestras pr\u00e1cticas catequ\u00edsticas locales. \u201cLa publicaci\u00f3n es fruto de los encuentros regionales de las Comisiones Episcopales de Catequesis realizados en el presente cuatrienio y de la profunda reflexi\u00f3n y generoso trabajo del equipo de asesores del \u00c1rea de Catequesis del Departamento de Misi\u00f3n y Espiritualidad del CELAM\u201d (p. 8).<\/div>\n<div>\u00a0<\/div>\n<div>El documento es un aporte orientador para los responsables nacionales y diocesanos de la catequesis y les invitamos a que sea tambi\u00e9n un documento de estudio y de ayuda para evaluar y en consecuencia planear las pr\u00e1cticas pastorales en nuestros pa\u00edses como lo hemos hecho en estos d\u00edas.\u00a0<\/div>\n<div>\u00a0<\/div>\n<div>CONTEMPLAR<\/div>\n<div>Una mirada de fe sobre nuestro tiempo<\/div>\n<div>\u00a0<\/div>\n<div>Desde el Concilio Vaticano II la catequesis en Am\u00e9rica Latina y El Caribe ha recorrido un largo camino. \u00a0Somos herederos y participantes de esta historia. \u00a0Ser\u00eda interesante que cada pa\u00eds o regi\u00f3n comparta tambi\u00e9n su historia local y sus aportes generados en todo este tiempo.<\/div>\n<div>\u00a0<\/div>\n<div>Formamos parte de un mundo que est\u00e1 viviendo \u201ccambios vertiginosos\u201d y nos sentimos desafiados a anunciar la buena noticia en un cambio de \u00e9poca. \u00a0El documento indica algunos elementos del cambio que estamos viviendo y sus implicaciones para nuestra labor catequ\u00edstica. Nos sentimos llamados a mirar esta realidad tratando de descubrir la presencia de Dios entre nuestros hermanos. \u00a0Por lo cual les invitamos a leer este apartado compar\u00e1ndolo con la situaci\u00f3n que se vive en cada pa\u00eds tratando de hacerlo a trav\u00e9s de los ojos de Dios sabiendo que tambi\u00e9n nosotros somos parte de esta realidad.<\/div>\n<div>\u00a0<\/div>\n<div>Este cambio de \u00e9poca, ciertamente ha influido en la crisis de la transmisi\u00f3n de la fe y afecta directamente a la catequesis. \u00a0Vemos que hay diferentes formas de encarar la catequesis, tanto en el hacer como en la formaci\u00f3n de los catequistas. \u00a0Las ideas expresadas en el documento, de car\u00e1cter desafiante y provocativo, nos ayudar\u00e1n a revisar nuestras pr\u00e1cticas catequ\u00edsticas en las iglesias locales.<\/div>\n<div>\u00a0<\/div>\n<div>Vivimos un cambio de paradigma catequ\u00e9tico que nos reta a buscar y discernir nuevas formas de acompa\u00f1ar el camino de fe (cfr. n\u00ba 37). \u00a0\u00c9ste, necesariamente tiene que pasar por un proceso de conversi\u00f3n personal, pastoral y misionera.<\/div>\n<div>\u00a0<\/div>\n<div>DISCERNIR<\/div>\n<div>Algunos criterios de iluminaci\u00f3n<\/div>\n<div>\u00a0<\/div>\n<div>El Documento de Aparecida propone un nuevo paradigma para la catequesis como una de las grandes conversiones pastorales de nuestra Iglesia. \u00a0En esta segunda parte se presenta el nuevo paradigma concibiendo a la catequesis como un verdadero proceso de iniciaci\u00f3n a la vida cristiana; tomando como fuente de inspiraci\u00f3n y modelo todav\u00eda vigente el catecumenado primitivo. \u00a0Una catequesis que est\u00e1 al servicio de la iniciaci\u00f3n a la vida cristiana, supone una renovada formaci\u00f3n de los catequistas.<\/div>\n<div>\u00a0<\/div>\n<div>Esta parte del documento es sumamente rica en contenido y necesitar\u00e1 ciertamente tiempo para ser estudiada y profundizada. \u00a0Pero no debe limitarse solamente al estudio, tendr\u00e1 que ser confrontada con las pr\u00e1cticas catequ\u00edsticas de las comunidades locales. \u00a0Les invitamos a acercarse al \u201cdiscernir\u201d pregunt\u00e1ndose continuamente por los desaf\u00edos que provoca a nuestro quehacer catequ\u00edstico cotidiano.<\/div>\n<div>\u00a0<\/div>\n<div>PROPONER<\/div>\n<div>Nuevos horizontes para la catequesis<\/div>\n<div>\u00a0<\/div>\n<div>La tercera parte se refiere a \u201cnuevos horizontes para la catequesis, ante un futuro que viene cargado de esperanza, sin olvidar que toda renovaci\u00f3n implica tiempo y paciencia.\u201d (n\u00ba 103). \u00a0Suscribimos las 4 proposiciones:<\/div>\n<div>\u00a0<\/div>\n<div>En orden a la Iglesia: optar por una comunidad catequizadora en \u201csalida misionera\u201d y dispuesta a la conversi\u00f3n pastoral.<\/div>\n<div>En orden a la catequesis: optar por una catequesis al servicio de la iniciaci\u00f3n a la vida cristiana.<\/div>\n<div>En orden al catequizando: optar por la catequesis de iniciaci\u00f3n a la vida cristiana prioritariamente con adultos.<\/div>\n<div>En orden al catequista: optar por un catequista testigo, comunicador, acompa\u00f1ante y mistagogo.<\/div>\n<div>Notamos que lo propuesto no es un sue\u00f1o o mero ideal, ya que a trav\u00e9s de algunas experiencias hemos visto que es posible recorrer este camino. Animamos a todos los responsables de la catequesis y dem\u00e1s agentes de pastoral a emprender con decisi\u00f3n, valent\u00eda y creatividad (cfr. Ap. 287), el camino de una catequesis en l\u00ednea catecumenal formando con alegr\u00eda a nuevos disc\u00edpulos misioneros.<\/div>\n<div>\u00a0<\/div>\n<div>Ponemos en manos de Mar\u00eda, Virgen de Guadalupe, todo el trabajo de tantos catequistas de nuestros pa\u00edses que hacen posible la formaci\u00f3n de nuevos disc\u00edpulos misioneros. \u00a0Que el Esp\u00edritu Santo gu\u00ede en la renovaci\u00f3n de nuestra tarea catequ\u00edstica.\u00a0<\/div>\n<div>\u00a0<\/div>\n<div>\u00d3SCAR ELIZALDE PRADA<\/div>\n<div>FUENTE: DPTO. DE MISI\u00d3N Y ESPIRITUALIDAD DEL CELAM<\/div>\n<div>\u00a0<\/div>\n<p><a href=\"http:\/\/web.hilo.org.pe\/wp-content\/uploads\/Encuentro.jpg\" target=\"_blank\" rel=\"noopener\">Ver archivo adjunto<\/a><\/p>\n","protected":false},"excerpt":{"rendered":"<p>La presentaci?n y el estudio del texto: ?La alegr?a de iniciar disc?pulos misioneros  en el cambio de ?poca. Nuevas perspectivas para la Catequesis en Am?rica Latina y el Caribe?, fue el motivo principal del m?s reciente Encuentro Latinoamericano y Caribe?o de las Comisiones Episcopales de Catequesis, realizado en Bogot? (Colombia), del 1? al 5 de junio de 2015.<\/p>\n","protected":false},"author":1,"featured_media":7862,"comment_status":"closed","ping_status":"closed","sticky":false,"template":"","format":"standard","meta":{"footnotes":""},"categories":[9],"tags":[],"class_list":["post-2427","post","type-post","status-publish","format-standard","has-post-thumbnail","hentry","category-noticias"],"_links":{"self":[{"href":"https:\/\/ceas.org.pe\/index.php\/wp-json\/wp\/v2\/posts\/2427","targetHints":{"allow":["GET"]}}],"collection":[{"href":"https:\/\/ceas.org.pe\/index.php\/wp-json\/wp\/v2\/posts"}],"about":[{"href":"https:\/\/ceas.org.pe\/index.php\/wp-json\/wp\/v2\/types\/post"}],"author":[{"embeddable":true,"href":"https:\/\/ceas.org.pe\/index.php\/wp-json\/wp\/v2\/users\/1"}],"replies":[{"embeddable":true,"href":"https:\/\/ceas.org.pe\/index.php\/wp-json\/wp\/v2\/comments?post=2427"}],"version-history":[{"count":1,"href":"https:\/\/ceas.org.pe\/index.php\/wp-json\/wp\/v2\/posts\/2427\/revisions"}],"predecessor-version":[{"id":6791,"href":"https:\/\/ceas.org.pe\/index.php\/wp-json\/wp\/v2\/posts\/2427\/revisions\/6791"}],"wp:featuredmedia":[{"embeddable":true,"href":"https:\/\/ceas.org.pe\/index.php\/wp-json\/wp\/v2\/media\/7862"}],"wp:attachment":[{"href":"https:\/\/ceas.org.pe\/index.php\/wp-json\/wp\/v2\/media?parent=2427"}],"wp:term":[{"taxonomy":"category","embeddable":true,"href":"https:\/\/ceas.org.pe\/index.php\/wp-json\/wp\/v2\/categories?post=2427"},{"taxonomy":"post_tag","embeddable":true,"href":"https:\/\/ceas.org.pe\/index.php\/wp-json\/wp\/v2\/tags?post=2427"}],"curies":[{"name":"wp","href":"https:\/\/api.w.org\/{rel}","templated":true}]}}