{"id":2426,"date":"2015-07-23T13:32:08","date_gmt":"2015-07-23T13:32:08","guid":{"rendered":""},"modified":"2026-03-11T09:12:11","modified_gmt":"2026-03-11T14:12:11","slug":"lanzaron-plataforma-virtual-contra-la-discriminacion","status":"publish","type":"post","link":"https:\/\/ceas.org.pe\/index.php\/2015\/07\/23\/lanzaron-plataforma-virtual-contra-la-discriminacion\/","title":{"rendered":"Lanzar\u00f3n plataforma virtual contra la discriminaci\u00f3n"},"content":{"rendered":"<p>El Ministerio de Justicia y Derechos Humanos (Minjus) lanzar\u00e1 pr\u00f3ximamente su \u201cPlataforma contra la discriminaci\u00f3n\u201d, servicio que acoger\u00e1 \u2013v\u00eda internet- las denuncias de la poblaci\u00f3n frente a casos de exclusi\u00f3n que puedan ser v\u00edctimas, en desmedro de su integridad y derechos ciudadanos.<\/p>\n<div>\u00a0<\/div>\n<div>El viceministro de Derechos Humanos y Acceso a la Justicia, Ernesto Lechuga Pino , destac\u00f3 la importancia de esta novedosa herramienta digital, la cual es parte del compromiso asumido por la Comisi\u00f3n Nacional contra la Discriminaci\u00f3n \u2013 Conacod.<\/div>\n<div>\u00a0<\/div>\n<div>\u201cA trav\u00e9s de esta plataforma facilitaremos el acceso a la justicia, a todo aquel que se sienta discriminada y\/o violentada en sus derechos. Desde una computadora podr\u00e1 realizar la denuncia contra el agresor, incluso de manera an\u00f3nima\u201d , explic\u00f3.<\/div>\n<div>\u00a0<\/div>\n<div>La \u201cPlataforma contra la discriminaci\u00f3n\u201d , ofrecer\u00e1 a la ciudadan\u00eda un servicio espec\u00edfico, articulado y especializado de recepci\u00f3n, derivaci\u00f3n y seguimiento de casos de discriminaci\u00f3n en cualquiera de sus formas.<\/div>\n<div>\u00a0<\/div>\n<div>Esta opci\u00f3n estar\u00e1 disponible a partir del 7 de agosto pr\u00f3ximo, y su lanzamiento contar\u00e1 con la participaci\u00f3n de importantes autoridades, as\u00ed como personajes p\u00fablicos quienes respaldan las acciones que realiza el Estado frente a la lucha contra la discriminaci\u00f3n.\u00a0<\/div>\n<div>\u00a0<\/div>\n<div>La Conacod es presidida por el Minjus y se encuentra conformada por los ministerios de la Mujer y Poblaciones Vulnerables ; Cultura; Salud; Educaci\u00f3n; Trabajo y Promoci\u00f3n del Empleo; Transportes y Comunicaciones; y Relaciones Exteriores.<\/div>\n<div>\u00a0<\/div>\n<div>Fuente: Andina<\/div>\n<p><a href=\"http:\/\/web.hilo.org.pe\/wp-content\/uploads\/Ministeriodejusticia.jpg\" target=\"_blank\" rel=\"noopener\">Ver archivo adjunto<\/a><\/p>\n","protected":false},"excerpt":{"rendered":"<p>El Ministerio de Justicia y Derechos Humanos (Minjus) lanzar? pr?ximamente su ?Plataforma contra la discriminaci?n?, servicio que acoger? ?v?a internet- las denuncias de la poblaci?n frente a casos de exclusi?n que puedan ser v?ctimas, en desmedro de su integridad y derechos ciudadanos.<\/p>\n","protected":false},"author":1,"featured_media":0,"comment_status":"closed","ping_status":"closed","sticky":false,"template":"","format":"standard","meta":{"footnotes":""},"categories":[9],"tags":[],"class_list":["post-2426","post","type-post","status-publish","format-standard","hentry","category-noticias"],"_links":{"self":[{"href":"https:\/\/ceas.org.pe\/index.php\/wp-json\/wp\/v2\/posts\/2426","targetHints":{"allow":["GET"]}}],"collection":[{"href":"https:\/\/ceas.org.pe\/index.php\/wp-json\/wp\/v2\/posts"}],"about":[{"href":"https:\/\/ceas.org.pe\/index.php\/wp-json\/wp\/v2\/types\/post"}],"author":[{"embeddable":true,"href":"https:\/\/ceas.org.pe\/index.php\/wp-json\/wp\/v2\/users\/1"}],"replies":[{"embeddable":true,"href":"https:\/\/ceas.org.pe\/index.php\/wp-json\/wp\/v2\/comments?post=2426"}],"version-history":[{"count":1,"href":"https:\/\/ceas.org.pe\/index.php\/wp-json\/wp\/v2\/posts\/2426\/revisions"}],"predecessor-version":[{"id":6792,"href":"https:\/\/ceas.org.pe\/index.php\/wp-json\/wp\/v2\/posts\/2426\/revisions\/6792"}],"wp:attachment":[{"href":"https:\/\/ceas.org.pe\/index.php\/wp-json\/wp\/v2\/media?parent=2426"}],"wp:term":[{"taxonomy":"category","embeddable":true,"href":"https:\/\/ceas.org.pe\/index.php\/wp-json\/wp\/v2\/categories?post=2426"},{"taxonomy":"post_tag","embeddable":true,"href":"https:\/\/ceas.org.pe\/index.php\/wp-json\/wp\/v2\/tags?post=2426"}],"curies":[{"name":"wp","href":"https:\/\/api.w.org\/{rel}","templated":true}]}}