{"id":2423,"date":"2015-07-22T13:58:55","date_gmt":"2015-07-22T13:58:55","guid":{"rendered":""},"modified":"2026-03-11T09:12:11","modified_gmt":"2026-03-11T14:12:11","slug":"hay-un-vonculo-entre-maltrato-a-la-creacion-y-trata-de-personas-francisco","status":"publish","type":"post","link":"https:\/\/ceas.org.pe\/index.php\/2015\/07\/22\/hay-un-vonculo-entre-maltrato-a-la-creacion-y-trata-de-personas-francisco\/","title":{"rendered":"\u00abHay un v\u00f3nculo entre maltrato a la Creaci\u00f3n y trata de personas\u00bb: Francisco"},"content":{"rendered":"<p>VATICANO \u00a0(ACI\/EWTN Noticias).- El Papa Francisco particip\u00f3 este martes en la inauguraci\u00f3n del Congreso internacional \u201cEsclavitud moderna y cambio clim\u00e1tico: el compromiso de las ciudades\u201d, con la participaci\u00f3n de m\u00e1s de 60 alcaldes de todo el mundo, donde advirti\u00f3 que la trata de personas -explotaci\u00f3n sexual y laboral de ni\u00f1os y adultos- es tambi\u00e9n una consecuencia del uso de la Creaci\u00f3n.<\/p>\n<div>\u00a0<\/div>\n<div>Francisco inici\u00f3 su discurso se\u00f1alando que no se puede ver el cuidado del ambiente solamente como una actitud \u201cverde\u201d, pues cuidar el planeta \u201csignifica una actitud de ecolog\u00eda humana\u201d; es decir, no se puede separar a la persona de la Creaci\u00f3n. \u201cLa ecolog\u00eda es total, es humana\u201d, indic\u00f3.<\/div>\n<div>\u00a0<\/div>\n<div>En ese sentido, se\u00f1al\u00f3 que la enc\u00edclica \u201cLaudato Si\u201d explica que \u201chay una relaci\u00f3n de incidencia mutua, sea del ambiente sobre la persona, sea de la persona en el modo como trata el ambiente\u201d, y \u201cel efecto de rebote contra el hombre cuando el ambiente es maltratado\u201d. \u201cNo es una enc\u00edclica \u2018verde\u2019, es una enc\u00edclica social\u201d, afirm\u00f3.<\/div>\n<div>\u00a0<\/div>\n<div>El Santo Padre aprovech\u00f3 la presencia de los alcaldes para explicar que el crecimiento desmesurado de las ciudades, con \u201ccordones de pobreza y de miseria m\u00e1s grandes\u201d, son tambi\u00e9n consecuencia \u201cde un descuido del ambiente\u201d.<\/div>\n<div>\u00a0<\/div>\n<div>\u201c\u00bfPor qu\u00e9 la gente viene a las grandes ciudades, a los cordones de las grandes ciudades, las villas miseria, las chabolas, las favelas? \u00bfPor qu\u00e9 arma eso? Simplemente porque ya el mundo rural para ellos no les da oportunidades\u201d, indic\u00f3.<\/div>\n<div>\u00a0<\/div>\n<div>En ese sentido, Francisco denunci\u00f3 \u201cla idolatr\u00eda de la tecnocracia\u201d que ha creado desocupaci\u00f3n y obliga a las personas a migrar en busca de nuevos horizontes. Se\u00f1al\u00f3 que la falta de empleo est\u00e1 afectando sobre todo a los j\u00f3venes. \u201c\u00bfQu\u00e9 horizonte y qu\u00e9 futuro puede ofrecer?, \u00bfqu\u00e9 le queda a esa juventud? O las adicciones, o el aburrimiento, o el no saber qu\u00e9 hacer de su vida -una vida sin sentido, muy dura-, o el suicidio juvenil \u2013 las estad\u00edsticas de suicidio juvenil no son publicadas en su totalidad-, o buscar en otros horizontes, a\u00fan en proyectos guerrilleros, un ideal de vida\u201d, se\u00f1al\u00f3.<\/div>\n<div>\u00a0<\/div>\n<div>Asimismo, indic\u00f3 que el mal uso de la Creaci\u00f3n ha puesto en juego el ox\u00edgeno y el agua. \u201cEs decir, la \u00a0desertificaci\u00f3n de grandes zonas por la deforestaci\u00f3n\u201d. \u201c\u00bfQu\u00e9 sucede cuando todos estos fen\u00f3menos de tecnificaci\u00f3n excesiva, de no cuidado del ambiente, adem\u00e1s de los fen\u00f3menos naturales, inciden sobre la migraci\u00f3n? El no haber trabajo, y despu\u00e9s la trata de las personas\u201d, advirti\u00f3.<\/div>\n<div>\u00a0<\/div>\n<div>Francisco denunci\u00f3 que \u201ccada vez es m\u00e1s com\u00fan el trabajo en negro, un trabajo sin contrato, un trabajo arreglado debajo de la mesa. \u00a1C\u00f3mo ha crecido! El trabajo en negro es muy grande, lo cual significa que una persona no gana lo suficiente para vivir. Eso puede provocar actitudes delictivas y todo lo que sucede en una gran ciudad por esas migraciones provocadas por la tecnificaci\u00f3n\u201d.<\/div>\n<div>\u00a0<\/div>\n<div>\u201cSobre todo me refiero al agro o la trata de las personas en el trabajo minero, la esclavitud minera todav\u00eda es muy grande y es muy fuerte. Y lo que significa el uso de ciertos elementos de lavado de minerales \u2013 ars\u00e9nico, cianuro- que inciden en enfermedades de la poblaci\u00f3n. En eso hay una responsabilidad muy grande. O sea que todo rebota, todo vuelve. Es el efecto rebote contra la misma persona. Puede ser la trata de personas por el trabajo esclavo, la prostituci\u00f3n, que son fuentes de trabajo para poder sobrevivir hoy d\u00eda\u201d, advirti\u00f3.<\/div>\n<div>\u00a0<\/div>\n<div>Ante ello, exhort\u00f3 a las Naciones Unidas a \u201cinteresarse muy fuertemente sobre este fen\u00f3meno, sobre todo, en la trata de personas provocada por este fen\u00f3meno ambiental, la explotaci\u00f3n de la gente\u201d.<\/div>\n<div>\u00a0<\/div>\n<div>En ese sentido, el Papa invit\u00f3 a los alcaldes a sumarse para solucionar estos problemas. \u201cPorque \u00e9sta conciencia si bien sale del centro hacia las periferias, el trabajo m\u00e1s serio y m\u00e1s profundo, se hace desde la periferia hacia el centro. Es decir, desde ustedes hacia la conciencia de la humanidad\u201d.<\/div>\n<div>\u00a0<\/div>\n<div>\u201cLa Santa Sede o tal pa\u00eds, o tal otro, podr\u00e1n hacer un buen discurso en las Naciones Unidas pero si el trabajo no viene de las periferias hacia el centro, no tiene efecto\u201d, indic\u00f3.<\/div>\n<div>\u00a0<\/div>\n<div>\u201cPido al Se\u00f1or que nos d\u00e9 a todos la gracia de poder tomar conciencia de este problema de destrucci\u00f3n que nosotros mismos estamos llevando adelante al no cuidar la ecolog\u00eda humana, al no tener una conciencia ecol\u00f3gica como las que nos fue dada al principio para transformar la primera incultura en cultura, y frenar ah\u00ed, y no transformar esta cultura en incultura\u201d, se\u00f1al\u00f3.<\/div>\n<div>\u00a0<\/div>\n<div>Bajo el t\u00edtulo de \u201cEsclavitudes modernas y cambio clim\u00e1tico: el compromiso de las ciudades\u201d se desarrolla este encuentro organizado por la Pontificia Academia de las Ciencias y de las Ciencias Sociales en colaboraci\u00f3n con la Organizaci\u00f3n de las Naciones Unidas (ONU). Ma\u00f1ana el tema ser\u00e1 \u201cLa prosperidad, la gente y el Planeta: consecuencias de un desarrollo sostenible en nuestras ciudades\u201d.<\/div>\n<div>\u00a0<\/div>\n<div>El Canciller de las dos Pontificias Academias, Mons. Marcelo S\u00e1nchez Sorondo, explic\u00f3 hace unos d\u00edas que la invitaci\u00f3n a los alcaldes obedece al deseo de \u201cbuscar juntos las mejores pr\u00e1cticas para detener el cambio clim\u00e1tico y la eliminaci\u00f3n de las nuevas formas de esclavitud\u201d.<\/div>\n<div>\u00a0<\/div>\n<div>As\u00ed, se pretende que \u201cse comprometan en favorecer, en nuestras ciudades y asentamientos urbanos, la emancipaci\u00f3n de los pobres y de aquellos que se encuentran en situaci\u00f3n de vulnerabilidad, reduciendo la exposici\u00f3n a situaciones extremas catastr\u00f3ficas derivadas de las profundas alteraciones de naturaleza ambiental, econ\u00f3mica y social que crean terrenos f\u00e9rtiles para las migraciones forzadas y la trata de seres humanos\u201d.<\/div>\n<div>\u00a0<\/div>\n<div>Al mismo tiempo, quieren que las autoridades se esfuercen \u201cen el desarrollo de programas de reinserci\u00f3n e integraci\u00f3n social de las v\u00edctimas, a nivel nacional y local, para evitar la repatriaci\u00f3n forzada\u201d.<\/div>\n<div>\u00a0<\/div>\n<div>Por ello, despu\u00e9s de la intervenci\u00f3n del Papa, los m\u00e1s de 60 alcaldes presentes firmaron una declaraci\u00f3n en la que se comprometen a luchar contra estas problem\u00e1ticas.<\/div>\n<div>\u00a0<\/div>\n<div>Fuente: aciprensa.com<\/div>\n<p><a href=\"http:\/\/web.hilo.org.pe\/wp-content\/uploads\/Tratadepersonas.jpg\" target=\"_blank\" rel=\"noopener\">Ver archivo adjunto<\/a><\/p>\n","protected":false},"excerpt":{"rendered":"<p>VATICANO  (ACI\/EWTN Noticias).- El Papa Francisco particip? este martes en la inauguraci?n del Congreso internacional ?Esclavitud moderna y cambio clim?tico: el compromiso de las ciudades?, con la participaci?n de m?s de 60 alcaldes de todo el mundo, donde advirti? que la trata de personas -explotaci?n sexual y laboral de ni?os y adultos- es tambi?n una consecuencia del uso de la Creaci?n.<\/p>\n","protected":false},"author":1,"featured_media":7895,"comment_status":"closed","ping_status":"closed","sticky":false,"template":"","format":"standard","meta":{"footnotes":""},"categories":[9],"tags":[],"class_list":["post-2423","post","type-post","status-publish","format-standard","has-post-thumbnail","hentry","category-noticias"],"_links":{"self":[{"href":"https:\/\/ceas.org.pe\/index.php\/wp-json\/wp\/v2\/posts\/2423","targetHints":{"allow":["GET"]}}],"collection":[{"href":"https:\/\/ceas.org.pe\/index.php\/wp-json\/wp\/v2\/posts"}],"about":[{"href":"https:\/\/ceas.org.pe\/index.php\/wp-json\/wp\/v2\/types\/post"}],"author":[{"embeddable":true,"href":"https:\/\/ceas.org.pe\/index.php\/wp-json\/wp\/v2\/users\/1"}],"replies":[{"embeddable":true,"href":"https:\/\/ceas.org.pe\/index.php\/wp-json\/wp\/v2\/comments?post=2423"}],"version-history":[{"count":1,"href":"https:\/\/ceas.org.pe\/index.php\/wp-json\/wp\/v2\/posts\/2423\/revisions"}],"predecessor-version":[{"id":6795,"href":"https:\/\/ceas.org.pe\/index.php\/wp-json\/wp\/v2\/posts\/2423\/revisions\/6795"}],"wp:featuredmedia":[{"embeddable":true,"href":"https:\/\/ceas.org.pe\/index.php\/wp-json\/wp\/v2\/media\/7895"}],"wp:attachment":[{"href":"https:\/\/ceas.org.pe\/index.php\/wp-json\/wp\/v2\/media?parent=2423"}],"wp:term":[{"taxonomy":"category","embeddable":true,"href":"https:\/\/ceas.org.pe\/index.php\/wp-json\/wp\/v2\/categories?post=2423"},{"taxonomy":"post_tag","embeddable":true,"href":"https:\/\/ceas.org.pe\/index.php\/wp-json\/wp\/v2\/tags?post=2423"}],"curies":[{"name":"wp","href":"https:\/\/api.w.org\/{rel}","templated":true}]}}