{"id":2422,"date":"2015-07-21T14:34:18","date_gmt":"2015-07-21T14:34:18","guid":{"rendered":""},"modified":"2026-03-11T09:12:11","modified_gmt":"2026-03-11T14:12:11","slug":"chiclayo-coritas-inaugura-panaderoa-que-daro-trabajo-a-jovenes-del-inabif","status":"publish","type":"post","link":"https:\/\/ceas.org.pe\/index.php\/2015\/07\/21\/chiclayo-coritas-inaugura-panaderoa-que-daro-trabajo-a-jovenes-del-inabif\/","title":{"rendered":"Chiclayo: C\u00f3ritas inaugura panader\u00f3a que dar\u00f3 trabajo a j\u00f3venes del Inabif"},"content":{"rendered":"<p>El secretario adjunto de C\u00e1ritas Chiclayo (en la regi\u00f3n Lambayeque), Armando Mera Rodas, dio a conocer que ma\u00f1ana viernes 17 de julio, inaugurar\u00e1n la panader\u00eda \u2018Pan y Vida\u2019, como parte de su obra social.<\/p>\n<div>\u00a0<\/div>\n<div>Esta panader\u00eda ser\u00e1 el centro de trabajo de las j\u00f3venes del albergue Rosa Mar\u00eda Checa del Programa Integral Nacional para el Bienestar Familiar (INABIF), quienes al salir del mismo necesitan oportunidades laborales.\u00a0<\/div>\n<div>\u00a0<\/div>\n<div>\u201cExisten un alto riesgo para ellos, que al salir del albergue, por la falta de oportunidades pueden caer en actos perjudiciales para su dignidad. Debemos tener en cuenta que todos han sido rescatados del maltrato\u201d, sostuvo Mera Rodas en RPP Noticias.<\/div>\n<div>\u00a0<\/div>\n<div>Ante ello, C\u00e1ritas decidi\u00f3 equipar de habilidades empresariales t\u00e9cnicas y productivas para que puedan desarrollarse seg\u00fan su perfil.\u00a0<\/div>\n<div>\u00a0<\/div>\n<div>\u201cLa panader\u00eda est\u00e1 completamente equipada, gracias tambi\u00e9n a la cooperaci\u00f3n de instituciones internacionales. En este proyecto participan directamente 15 jovencitas, quienes ser\u00e1n capacitadas en esta labor para que m\u00e1s adelante logren empleabilidad\u201d, sostuvo.<\/div>\n<div>\u00a0<\/div>\n<div>Fuente: rpp.com.pe<\/div>\n<p><a href=\"http:\/\/web.hilo.org.pe\/wp-content\/uploads\/caritas.jpg\" target=\"_blank\" rel=\"noopener\">Ver archivo adjunto<\/a><\/p>\n","protected":false},"excerpt":{"rendered":"<p>El secretario adjunto de C?ritas Chiclayo (en la regi?n Lambayeque), Armando Mera Rodas, dio a conocer que ma?ana viernes 17 de julio, inaugurar?n la panader?a ?Pan y Vida?, como parte de su obra social.<\/p>\n","protected":false},"author":1,"featured_media":7907,"comment_status":"closed","ping_status":"closed","sticky":false,"template":"","format":"standard","meta":{"footnotes":""},"categories":[9],"tags":[],"class_list":["post-2422","post","type-post","status-publish","format-standard","has-post-thumbnail","hentry","category-noticias"],"_links":{"self":[{"href":"https:\/\/ceas.org.pe\/index.php\/wp-json\/wp\/v2\/posts\/2422","targetHints":{"allow":["GET"]}}],"collection":[{"href":"https:\/\/ceas.org.pe\/index.php\/wp-json\/wp\/v2\/posts"}],"about":[{"href":"https:\/\/ceas.org.pe\/index.php\/wp-json\/wp\/v2\/types\/post"}],"author":[{"embeddable":true,"href":"https:\/\/ceas.org.pe\/index.php\/wp-json\/wp\/v2\/users\/1"}],"replies":[{"embeddable":true,"href":"https:\/\/ceas.org.pe\/index.php\/wp-json\/wp\/v2\/comments?post=2422"}],"version-history":[{"count":1,"href":"https:\/\/ceas.org.pe\/index.php\/wp-json\/wp\/v2\/posts\/2422\/revisions"}],"predecessor-version":[{"id":6796,"href":"https:\/\/ceas.org.pe\/index.php\/wp-json\/wp\/v2\/posts\/2422\/revisions\/6796"}],"wp:featuredmedia":[{"embeddable":true,"href":"https:\/\/ceas.org.pe\/index.php\/wp-json\/wp\/v2\/media\/7907"}],"wp:attachment":[{"href":"https:\/\/ceas.org.pe\/index.php\/wp-json\/wp\/v2\/media?parent=2422"}],"wp:term":[{"taxonomy":"category","embeddable":true,"href":"https:\/\/ceas.org.pe\/index.php\/wp-json\/wp\/v2\/categories?post=2422"},{"taxonomy":"post_tag","embeddable":true,"href":"https:\/\/ceas.org.pe\/index.php\/wp-json\/wp\/v2\/tags?post=2422"}],"curies":[{"name":"wp","href":"https:\/\/api.w.org\/{rel}","templated":true}]}}