{"id":2421,"date":"2015-07-21T14:32:03","date_gmt":"2015-07-21T14:32:03","guid":{"rendered":""},"modified":"2026-03-11T09:12:11","modified_gmt":"2026-03-11T14:12:11","slug":"universitarios-seron-promotores-acreditados-de-derechos-humanos","status":"publish","type":"post","link":"https:\/\/ceas.org.pe\/index.php\/2015\/07\/21\/universitarios-seron-promotores-acreditados-de-derechos-humanos\/","title":{"rendered":"Universitarios ser\u00f3n promotores acreditados de Derechos Humanos"},"content":{"rendered":"<p>Unos 60 estudiantes de Derecho de universidades de Lima y Huacho fueron acreditados como promotores de los Derechos Humanos, en una ceremonia encabezada hoy por el viceministro de Derechos Humanos y Acceso a la Justicia, Ernesto Lechuga Pino.<\/p>\n<div>\u00a0<\/div>\n<div>La Acreditaci\u00f3n del Programa Nacional de Ense\u00f1anza Legal para La Inclusi\u00f3n Social (Pronelis) permitir\u00e1 a los estudiantes trabajar en la difusi\u00f3n de los principios fundamentales de las personas.<\/div>\n<div>\u00a0<\/div>\n<div>Para recibir dicha acreditaci\u00f3n, los aspirantes debieron cumplir un proceso de selecci\u00f3n, adiestramiento y evaluaci\u00f3n. Adem\u00e1s, para fortalecer sus capacidades en temas de derechos humanos se les brind\u00f3 herramientas para realizar capacitaciones dirigidas a la poblaci\u00f3n, principalmente escolares y l\u00edderes sociales.<\/div>\n<div>\u00a0<\/div>\n<div>El Pronelis del Ministerio de Justicia y Derechos Humanos est\u00e1 orientado a promover la inclusi\u00f3n social de la poblaci\u00f3n en situaci\u00f3n de vulnerabilidad, a partir del conocimiento de sus derechos humanos, y de los mecanismos existentes para defenderlos.\u00a0<\/div>\n<div>\u00a0<\/div>\n<div>Lechuga Pino, durante su discurso, consider\u00f3 importante compartir contenidos en derechos humanos y resalt\u00f3 la labor que cumplir\u00e1n los pronelistas promocionando y difundiendo los derechos humanos.<\/div>\n<div>\u00a0<\/div>\n<div>Por su parte, el Director General de Derechos Humanos, Roger Rodr\u00edguez, agradeci\u00f3 el compromiso de los nuevos pronelistas y recalc\u00f3 que la cultura de derechos humanos debe ser permanente en los j\u00f3venes.<\/div>\n<div>\u00a0<\/div>\n<div>Representantes de los pronelistas, agradecieron al Ministerio de Justicia y Derechos Humanos por trabajar de la mano con los j\u00f3venes en su af\u00e1n de garantizar el respeto de los derechos de las personas en situaci\u00f3n de vulnerabilidad.<\/div>\n<div>\u00a0<\/div>\n<div>La ceremonia estuvo a cargo de la Direcci\u00f3n General de Derechos Humanos, y participaron estudiantes de las Facultades de Derecho de diversas universidades nacionales y privadas, \u00a0autoridades del sector Educaci\u00f3n, Defensa, gobiernos locales, universitarias, directores de colegios, representantes de la sociedad civil y estudiantes universitarios.<\/div>\n<div>\u00a0<\/div>\n<div>(FIN) NDP\/ ASH \u00a0\u00ad\u00ad \u00a0<\/div>\n<div>\u00a0<\/div>\n<div>Fuente: andina.com.pe<\/div>\n<p><a href=\"http:\/\/web.hilo.org.pe\/wp-content\/uploads\/promotores.jpg\" target=\"_blank\" rel=\"noopener\">Ver archivo adjunto<\/a><\/p>\n","protected":false},"excerpt":{"rendered":"<p>Unos 60 estudiantes de Derecho de universidades de Lima y Huacho fueron acreditados como promotores de los Derechos Humanos, en una ceremonia encabezada hoy por el viceministro de Derechos Humanos y Acceso a la Justicia, Ernesto Lechuga Pino.<\/p>\n","protected":false},"author":1,"featured_media":7936,"comment_status":"closed","ping_status":"closed","sticky":false,"template":"","format":"standard","meta":{"footnotes":""},"categories":[9],"tags":[],"class_list":["post-2421","post","type-post","status-publish","format-standard","has-post-thumbnail","hentry","category-noticias"],"_links":{"self":[{"href":"https:\/\/ceas.org.pe\/index.php\/wp-json\/wp\/v2\/posts\/2421","targetHints":{"allow":["GET"]}}],"collection":[{"href":"https:\/\/ceas.org.pe\/index.php\/wp-json\/wp\/v2\/posts"}],"about":[{"href":"https:\/\/ceas.org.pe\/index.php\/wp-json\/wp\/v2\/types\/post"}],"author":[{"embeddable":true,"href":"https:\/\/ceas.org.pe\/index.php\/wp-json\/wp\/v2\/users\/1"}],"replies":[{"embeddable":true,"href":"https:\/\/ceas.org.pe\/index.php\/wp-json\/wp\/v2\/comments?post=2421"}],"version-history":[{"count":1,"href":"https:\/\/ceas.org.pe\/index.php\/wp-json\/wp\/v2\/posts\/2421\/revisions"}],"predecessor-version":[{"id":6797,"href":"https:\/\/ceas.org.pe\/index.php\/wp-json\/wp\/v2\/posts\/2421\/revisions\/6797"}],"wp:featuredmedia":[{"embeddable":true,"href":"https:\/\/ceas.org.pe\/index.php\/wp-json\/wp\/v2\/media\/7936"}],"wp:attachment":[{"href":"https:\/\/ceas.org.pe\/index.php\/wp-json\/wp\/v2\/media?parent=2421"}],"wp:term":[{"taxonomy":"category","embeddable":true,"href":"https:\/\/ceas.org.pe\/index.php\/wp-json\/wp\/v2\/categories?post=2421"},{"taxonomy":"post_tag","embeddable":true,"href":"https:\/\/ceas.org.pe\/index.php\/wp-json\/wp\/v2\/tags?post=2421"}],"curies":[{"name":"wp","href":"https:\/\/api.w.org\/{rel}","templated":true}]}}