{"id":2419,"date":"2015-07-20T11:35:36","date_gmt":"2015-07-20T11:35:36","guid":{"rendered":""},"modified":"2026-03-11T09:12:11","modified_gmt":"2026-03-11T14:12:11","slug":"papa-francisco-la-justicia-y-la-ecologoa","status":"publish","type":"post","link":"https:\/\/ceas.org.pe\/index.php\/2015\/07\/20\/papa-francisco-la-justicia-y-la-ecologoa\/","title":{"rendered":"Papa Francisco: la justicia y la ecolog\u00f3a"},"content":{"rendered":"<p>P. Ra\u00fal Pariamachi, ss.cc. .- \u201cVengo como testigo de la misericordia de Dios\u2026\u201d Fueron las primeras palabras del papa Francisco en su visita a Ecuador, Bolivia y Paraguay. Francisco marc\u00f3 el estilo de esta visita cuando invit\u00f3 a todos a encontrar en el Evangelio las claves que permitan afrontar los desaf\u00edos del presente, valorando las diferencias y fomentando el di\u00e1logo y la participaci\u00f3n sin exclusiones, de manera que el progreso se consolide y se garantice un futuro mejor para todos. El Papa dijo que los hermanos m\u00e1s fr\u00e1giles y las minor\u00edas m\u00e1s vulnerables son la deuda que todav\u00eda tiene Am\u00e9rica Latina.<\/p>\n<div>\u00a0<\/div>\n<div>El papa Francisco se encontr\u00f3 con las multitudes; abraz\u00f3 a los ni\u00f1os y bes\u00f3 a los ancianos; lleg\u00f3 a los que est\u00e1n en el hospital y la c\u00e1rcel; motiv\u00f3 a sacerdotes, religiosas y seminaristas; habl\u00f3 a los representantes de los gobiernos y a los l\u00edderes de la sociedad; anim\u00f3 a los j\u00f3venes a buscar siempre el bien; visit\u00f3 a los pobladores del Ba\u00f1ado Norte en la ciudad de Asunci\u00f3n.<\/div>\n<div>\u00a0<\/div>\n<div>Muchos consideran que su discurso m\u00e1s impresionante ha sido el dirigido a los participantes del Encuentro mundial de los movimientos populares, realizado en la tarde del jueves 9 de julio en Santa Cruz de la Sierra (Bolivia).<\/div>\n<div>\u00a0<\/div>\n<div>La voz prof\u00e9tica del Papa comenz\u00f3 a sonar fuerte: \u201c\u00a1Necesitamos un cambio!\u201d. Sus preguntas tocaban las conciencias: \u201c\u00bfReconocemos que las cosas no andan bien en un mundo donde hay tantos campesinos sin tierra, tantas familias sin techo, tantos trabajadores sin derechos, tantas personas heridas en su dignidad? \u00bfReconocemos que las cosas no andan bien cuando estallan tantas guerras sin sentido y la violencia fratricida se adue\u00f1a hasta de nuestros barrios? \u00bfReconocemos que las cosas no andan bien cuando el suelo, el agua, el aire y todos los seres de la creaci\u00f3n est\u00e1n bajo permanente amenaza?\u201d. Francisco dijo algo que ha hecho saltar a muchos (l\u00e9ase el editorial de El Comercio del 12 de julio): \u201cEste sistema ya no se aguanta, no lo aguantan los campesinos, no lo aguantan los trabajadores, no lo aguantan las comunidades, no lo aguantan los pueblos\u2026 Y tampoco lo aguanta la Tierra\u201d. La ambici\u00f3n desenfrenada de dinero es el esti\u00e9rcol del diablo, record\u00f3 citando a Basilio de Cesarea.<\/div>\n<div>\u00a0<\/div>\n<div>\u201c\u00a1Ustedes son sembradores de cambio!\u201d, continu\u00f3 el Papa; advirtiendo que un cambio de estructuras que no viene acompa\u00f1ado de una sincera conversi\u00f3n del coraz\u00f3n y de las actitudes termina por burocratizarse y corromperse. Invit\u00f3 a los movimientos a construir juntos una alternativa humana a la globalizaci\u00f3n excluyente. Francisco sugiri\u00f3 tres grandes tareas a todos los asistentes al encuentro.<\/div>\n<div>\u00a0<\/div>\n<div>La primera tarea es poner la econom\u00eda al servicio de los pueblos. Evocando la m\u00e1xima evang\u00e9lica de que \u201cno es el ser humano para el s\u00e1bado sino el s\u00e1bado para el ser humano\u201d, el papa Francisco record\u00f3 que los humanos y la naturaleza no deben estar al servicio del dinero. Una econom\u00eda justa crear\u00e1 las condiciones para que cada persona pueda gozar de una infancia sin carencias, desarrolle sus talentos, trabaje con derechos y acceda a una digna jubilaci\u00f3n. Fiel a la tradici\u00f3n eclesial, el Papa reiter\u00f3 que el destino universal de los bienes es una realidad anterior a la propiedad privada.<\/div>\n<div>\u00a0<\/div>\n<div>La segunda tarea es unir a los pueblos en el camino de la paz y la justicia. El Papa enfatiz\u00f3 los anhelos de los pueblos de transitar en paz su marcha hacia la justicia. Rememor\u00f3 que los pueblos latinoamericanos parieron dolorosamente su independencia pol\u00edtica, al mismo tiempo que invit\u00f3 a rechazar las nuevas formas de colonialismo, entre las que aludi\u00f3 a la concentraci\u00f3n monop\u00f3lica de los medios de comunicaci\u00f3n social que pretende imponer pautas alienantes de consumo y cierta uniformidad cultural. Francisco pidi\u00f3 perd\u00f3n por los pecados de la Iglesia contra los pueblos originarios.<\/div>\n<div>\u00a0<\/div>\n<div>La tercera tarea es defender la madre tierra. En sinton\u00eda con la espiritualidad ecol\u00f3gica que mostr\u00f3 durante su visita, el papa Francisco pidi\u00f3 \u2013en nombre de Dios\u2013 a los movimientos populares que defiendan a la madre tierra. Como tambi\u00e9n lo hizo en su enc\u00edclica Laudato si\u2019 el Papa lament\u00f3 el fracaso de las cumbres internacionales al tomar decisiones acerca del medio ambiente: \u201cNo se puede permitir que ciertos intereses \u2013que son globales pero no universales\u2013 sometan a los Estados y organismos internacionales, y contin\u00faen destruyendo la creaci\u00f3n\u201d.<\/div>\n<div>\u00a0<\/div>\n<div>En el vuelo de regreso a Roma, motivado por una pregunta, el Papa explic\u00f3 que lo que \u00e9l les dijo a los movimientos populares es la doctrina social de la Iglesia aplicada a su situaci\u00f3n. Es que tal vez en la Iglesia estamos m\u00e1s acostumbrados a escuchar a los pastores hablar del aborto provocado y la uni\u00f3n civil que de la justicia social y la crisis ecol\u00f3gica. Habr\u00e1 que hacer una cosa sin olvidarnos de la otra.<\/div>\n<div>\u00a0<\/div>\n<div>Fuente: otramirada.pe<\/div>\n<p><a href=\"http:\/\/web.hilo.org.pe\/wp-content\/uploads\/Francisco, justiciayecologia.jpg\" target=\"_blank\" rel=\"noopener\">Ver archivo adjunto<\/a><\/p>\n","protected":false},"excerpt":{"rendered":"<p>P. Ra?l Pariamachi, ss.cc. .- ?Vengo como testigo de la misericordia de Dios?? Fueron las primeras palabras del papa Francisco en su visita a Ecuador, Bolivia y Paraguay. Francisco marc? el estilo de esta visita cuando invit? a todos a encontrar en el Evangelio las claves que permitan afrontar los desaf?os del presente, valorando las diferencias y fomentando el di?logo y la participaci?n sin exclusiones, de manera que el progreso se consolide y se garantice un futuro mejor para todos. El Papa dijo que los hermanos m?s fr?giles y las minor?as m?s vulnerables son la deuda que todav?a tiene Am?rica Latina.<\/p>\n","protected":false},"author":1,"featured_media":7855,"comment_status":"closed","ping_status":"closed","sticky":false,"template":"","format":"standard","meta":{"footnotes":""},"categories":[9],"tags":[],"class_list":["post-2419","post","type-post","status-publish","format-standard","has-post-thumbnail","hentry","category-noticias"],"_links":{"self":[{"href":"https:\/\/ceas.org.pe\/index.php\/wp-json\/wp\/v2\/posts\/2419","targetHints":{"allow":["GET"]}}],"collection":[{"href":"https:\/\/ceas.org.pe\/index.php\/wp-json\/wp\/v2\/posts"}],"about":[{"href":"https:\/\/ceas.org.pe\/index.php\/wp-json\/wp\/v2\/types\/post"}],"author":[{"embeddable":true,"href":"https:\/\/ceas.org.pe\/index.php\/wp-json\/wp\/v2\/users\/1"}],"replies":[{"embeddable":true,"href":"https:\/\/ceas.org.pe\/index.php\/wp-json\/wp\/v2\/comments?post=2419"}],"version-history":[{"count":1,"href":"https:\/\/ceas.org.pe\/index.php\/wp-json\/wp\/v2\/posts\/2419\/revisions"}],"predecessor-version":[{"id":6799,"href":"https:\/\/ceas.org.pe\/index.php\/wp-json\/wp\/v2\/posts\/2419\/revisions\/6799"}],"wp:featuredmedia":[{"embeddable":true,"href":"https:\/\/ceas.org.pe\/index.php\/wp-json\/wp\/v2\/media\/7855"}],"wp:attachment":[{"href":"https:\/\/ceas.org.pe\/index.php\/wp-json\/wp\/v2\/media?parent=2419"}],"wp:term":[{"taxonomy":"category","embeddable":true,"href":"https:\/\/ceas.org.pe\/index.php\/wp-json\/wp\/v2\/categories?post=2419"},{"taxonomy":"post_tag","embeddable":true,"href":"https:\/\/ceas.org.pe\/index.php\/wp-json\/wp\/v2\/tags?post=2419"}],"curies":[{"name":"wp","href":"https:\/\/api.w.org\/{rel}","templated":true}]}}