{"id":2416,"date":"2015-07-17T17:22:17","date_gmt":"2015-07-17T17:22:17","guid":{"rendered":""},"modified":"2026-03-11T09:12:11","modified_gmt":"2026-03-11T14:12:11","slug":"lecciones-que-dejo-el-papa-francisco-en-sudamorica","status":"publish","type":"post","link":"https:\/\/ceas.org.pe\/index.php\/2015\/07\/17\/lecciones-que-dejo-el-papa-francisco-en-sudamorica\/","title":{"rendered":"Lecciones que dej\u00f3 el Papa Francisco en Sudam\u00f3rica"},"content":{"rendered":"<p>\u00a0LOS \u00c1NGELES, 16 Jul. \u00a0(ACI).- En su nueva columna semanal titulada \u201cLa Iglesia est\u00e1 aqu\u00ed para servir\u201d Mons. Jos\u00e9 G\u00f3mez, Arzobispo de los \u00c1ngeles (Estados Unidos), elogi\u00f3 el viaje apost\u00f3lico del Papa Francisco a Ecuador, Bolivia y Paraguay.<\/p>\n<div>\u00a0<\/div>\n<div>\u201cEn lo personal, considero que siempre es impactante escuchar a nuestro Santo Padre hablar y rezar en su lengua nativa. Y durante este viaje pastoral, \u00e9l me est\u00e1 iluminando con sus palabras llenas de fuerza sobre la familia y con su apasionado llamado a suscitar una sociedad que tienda la mano a los que est\u00e1n solos y a los que sufren, y que trabaje por promover la dignidad humana de cada persona\u201d, manifest\u00f3.<\/div>\n<div>\u00a0<\/div>\n<div>El Prelado tambi\u00e9n coment\u00f3 que le conmovi\u00f3 la historia del Papa sobre su madre, quien respondi\u00f3 a la pregunta de cu\u00e1l de sus cinco hijos amaba m\u00e1s diciendo que ellos eran como los dedos de su mano y que si uno de ellos se perd\u00eda o se lastimaba, ella se sentir\u00eda igual de herida.<\/div>\n<div>\u00a0<\/div>\n<div>\u201cFue una bella imagen de la solidaridad y del amor familiar. Me record\u00f3 las palabras de San Pablo acerca de la familia de Dios: que si un miembro de la familia sufre, todos los miembros de la familia sufren, en solidaridad con ese miembro\u201d, a\u00f1adi\u00f3.<\/div>\n<div>\u00a0<\/div>\n<div>Por otro lado, destac\u00f3 el testimonio de liderazgo que el Pont\u00edfice le est\u00e1 dando a la Iglesia al continuar con la labor de sus predecesores por reavivar en los fieles la vocaci\u00f3n y el llamado a ser disc\u00edpulos misioneros.<\/div>\n<div>\u00a0<\/div>\n<div>Adem\u00e1s, Mons. G\u00f3mez record\u00f3 que desde sus inicios como sacerdote ha tenido esa visi\u00f3n de liderazgo y de transmitir el af\u00e1n misionero a todos los disc\u00edpulos. Incluso se\u00f1ala que est\u00e1 aplicando esos ideales en estos cinco de su labor \u00a0pastoral como Arzobispo.<\/div>\n<div>\u00a0<\/div>\n<div>El Prelado se\u00f1al\u00f3 que la Iglesia est\u00e1 para servir y que todos los fieles est\u00e1n llamados a ser esos \u201cdisc\u00edpulos misioneros\u201d que se necesitan.<\/div>\n<div>\u00a0<\/div>\n<div>\u201cEsta es nuestra responsabilidad. Es un deber de amor. El regalo m\u00e1s hermoso que podemos darle a cualquiera es el don de conocer a Jesucristo. No hay nada m\u00e1s hermoso en esta vida que conocer a Jes\u00fas y amarlo y luego compartirlo con los dem\u00e1s\u201d.<\/div>\n<div>\u00a0<\/div>\n<div>Para leer la columna completa haga clic en este enlace: <a href=\"https:\/\/www.aciprensa.com\/josegomez\/la-iglesia-esta-aqui-para-servir\/\" target=\"_blank\">https:\/\/www.aciprensa.com\/josegomez\/la-iglesia-esta-aqui-para-servir\/<\/a><\/div>\n<div>\u00a0<\/div>\n<div>Fuente: aciprensa.com<\/div>\n<p><a href=\"http:\/\/web.hilo.org.pe\/wp-content\/uploads\/Leccionpapa.jpg\" target=\"_blank\" rel=\"noopener\">Ver archivo adjunto<\/a><\/p>\n","protected":false},"excerpt":{"rendered":"<p>LOS ?NGELES, 16 Jul. (ACI).- En su nueva columna semanal titulada ?La Iglesia est? aqu? para servir? Mons. Jos? G?mez, Arzobispo de los ?ngeles (Estados Unidos), elogi? el viaje apost?lico del Papa Francisco a Ecuador, Bolivia y Paraguay.<\/p>\n","protected":false},"author":1,"featured_media":7855,"comment_status":"closed","ping_status":"closed","sticky":false,"template":"","format":"standard","meta":{"footnotes":""},"categories":[9],"tags":[],"class_list":["post-2416","post","type-post","status-publish","format-standard","has-post-thumbnail","hentry","category-noticias"],"_links":{"self":[{"href":"https:\/\/ceas.org.pe\/index.php\/wp-json\/wp\/v2\/posts\/2416","targetHints":{"allow":["GET"]}}],"collection":[{"href":"https:\/\/ceas.org.pe\/index.php\/wp-json\/wp\/v2\/posts"}],"about":[{"href":"https:\/\/ceas.org.pe\/index.php\/wp-json\/wp\/v2\/types\/post"}],"author":[{"embeddable":true,"href":"https:\/\/ceas.org.pe\/index.php\/wp-json\/wp\/v2\/users\/1"}],"replies":[{"embeddable":true,"href":"https:\/\/ceas.org.pe\/index.php\/wp-json\/wp\/v2\/comments?post=2416"}],"version-history":[{"count":1,"href":"https:\/\/ceas.org.pe\/index.php\/wp-json\/wp\/v2\/posts\/2416\/revisions"}],"predecessor-version":[{"id":6801,"href":"https:\/\/ceas.org.pe\/index.php\/wp-json\/wp\/v2\/posts\/2416\/revisions\/6801"}],"wp:featuredmedia":[{"embeddable":true,"href":"https:\/\/ceas.org.pe\/index.php\/wp-json\/wp\/v2\/media\/7855"}],"wp:attachment":[{"href":"https:\/\/ceas.org.pe\/index.php\/wp-json\/wp\/v2\/media?parent=2416"}],"wp:term":[{"taxonomy":"category","embeddable":true,"href":"https:\/\/ceas.org.pe\/index.php\/wp-json\/wp\/v2\/categories?post=2416"},{"taxonomy":"post_tag","embeddable":true,"href":"https:\/\/ceas.org.pe\/index.php\/wp-json\/wp\/v2\/tags?post=2416"}],"curies":[{"name":"wp","href":"https:\/\/api.w.org\/{rel}","templated":true}]}}