{"id":2415,"date":"2015-07-16T13:56:31","date_gmt":"2015-07-16T13:56:31","guid":{"rendered":""},"modified":"2026-03-11T09:12:11","modified_gmt":"2026-03-11T14:12:11","slug":"roma-encuentro-sobre-la-encoclica-laudato-si-y-la-mineroa","status":"publish","type":"post","link":"https:\/\/ceas.org.pe\/index.php\/2015\/07\/16\/roma-encuentro-sobre-la-encoclica-laudato-si-y-la-mineroa\/","title":{"rendered":"Roma: Encuentro sobre la Enc\u00f3clica Laudato Si y la miner\u00f3a"},"content":{"rendered":"<p>Bajo el lema \u00abUnidos a Dios, escuchamos un grito\u00bb, del 17 al 19 de julio, se llevar\u00e1 a cabo en Roma, Italia, un Encuentro sobre la Enc\u00edclica Laudato Si y la miner\u00eda. El evento es organizado por el Consejo Pontificio Justicia y Paz y reunir\u00e1 a representantes procedentes de Am\u00e9rica, Asia y \u00c1frica quienes viven en comunidades afectadas por las actividades de la miner\u00eda.<\/p>\n<div>Durante este encuentro se reflexionar\u00e1 en el mensaje de la Enc\u00edclica Laudato Si que destaca algunos de los problemas que se registran en las regiones mineras. En el evento se recoger\u00e1n testimonios, se compartir\u00e1n experiencias y se propondr\u00e1n futuras acciones por parte de la Iglesia y de las mismas comunidades.<\/div>\n<div>\u00a0<\/div>\n<div>El objetivo que persigue el Consejo Pontificio Justicia y Paz con este encuentro es \u00abdar mayor visibilidad a las situaciones de violencia e intimidaci\u00f3n, de ilegalidad y corrupci\u00f3n, de contaminaci\u00f3n y violaci\u00f3n de los derechos humanos vinculados a la actividad minera\u00bb e interpelar a los responsables pol\u00edticos, a las administraciones p\u00fablicas, a los empresarios y a los inversores para que escuchen \u00abel grito de la tierra y act\u00faen con prontitud y responsabilidad al servicio del bien com\u00fan, de la justicia y de la dignidad humana\u00bb.<\/div>\n<div>\u00a0<\/div>\n<div>En esta l\u00ednea, el Consejo Pontificio Justicia y Paz ha publicado recientemente el documento Tierra y alimento (Terra e Cibo) en el que se denuncian algunas de estas problem\u00e1ticas.<\/div>\n<div>\u00a0<\/div>\n<div>Fuente: caminosreligiosos.com<\/div>\n<p><a href=\"http:\/\/web.hilo.org.pe\/wp-content\/uploads\/enciclica.jpg\" target=\"_blank\" rel=\"noopener\">Ver archivo adjunto<\/a><\/p>\n","protected":false},"excerpt":{"rendered":"<p>Bajo el lema \u00abUnidos a Dios, escuchamos un grito\u00bb, del 17 al 19 de julio, se llevar? a cabo en Roma, Italia, un Encuentro sobre la Enc?clica Laudato Si y la miner?a. El evento es organizado por el Consejo Pontificio Justicia y Paz y reunir? a representantes procedentes de Am?rica, Asia y ?frica quienes viven en comunidades afectadas por las actividades de la miner?a.<\/p>\n","protected":false},"author":1,"featured_media":7862,"comment_status":"closed","ping_status":"closed","sticky":false,"template":"","format":"standard","meta":{"footnotes":""},"categories":[9],"tags":[],"class_list":["post-2415","post","type-post","status-publish","format-standard","has-post-thumbnail","hentry","category-noticias"],"_links":{"self":[{"href":"https:\/\/ceas.org.pe\/index.php\/wp-json\/wp\/v2\/posts\/2415","targetHints":{"allow":["GET"]}}],"collection":[{"href":"https:\/\/ceas.org.pe\/index.php\/wp-json\/wp\/v2\/posts"}],"about":[{"href":"https:\/\/ceas.org.pe\/index.php\/wp-json\/wp\/v2\/types\/post"}],"author":[{"embeddable":true,"href":"https:\/\/ceas.org.pe\/index.php\/wp-json\/wp\/v2\/users\/1"}],"replies":[{"embeddable":true,"href":"https:\/\/ceas.org.pe\/index.php\/wp-json\/wp\/v2\/comments?post=2415"}],"version-history":[{"count":1,"href":"https:\/\/ceas.org.pe\/index.php\/wp-json\/wp\/v2\/posts\/2415\/revisions"}],"predecessor-version":[{"id":6802,"href":"https:\/\/ceas.org.pe\/index.php\/wp-json\/wp\/v2\/posts\/2415\/revisions\/6802"}],"wp:featuredmedia":[{"embeddable":true,"href":"https:\/\/ceas.org.pe\/index.php\/wp-json\/wp\/v2\/media\/7862"}],"wp:attachment":[{"href":"https:\/\/ceas.org.pe\/index.php\/wp-json\/wp\/v2\/media?parent=2415"}],"wp:term":[{"taxonomy":"category","embeddable":true,"href":"https:\/\/ceas.org.pe\/index.php\/wp-json\/wp\/v2\/categories?post=2415"},{"taxonomy":"post_tag","embeddable":true,"href":"https:\/\/ceas.org.pe\/index.php\/wp-json\/wp\/v2\/tags?post=2415"}],"curies":[{"name":"wp","href":"https:\/\/api.w.org\/{rel}","templated":true}]}}