{"id":2413,"date":"2015-07-15T14:21:46","date_gmt":"2015-07-15T14:21:46","guid":{"rendered":""},"modified":"2026-03-11T09:12:11","modified_gmt":"2026-03-11T14:12:11","slug":"la-santa-sede-considera-positivo-el-acuerdo-nuclear-con-iron","status":"publish","type":"post","link":"https:\/\/ceas.org.pe\/index.php\/2015\/07\/15\/la-santa-sede-considera-positivo-el-acuerdo-nuclear-con-iron\/","title":{"rendered":"La Santa Sede considera positivo el acuerdo nuclear con Ir\u00f3n"},"content":{"rendered":"<p>Ciudad del Vaticano (EVARED).- Como \u00abpositivo\u00bb consider\u00f3 la Santa Sede al reciente acuerdo sobre el programa nuclear iran\u00ed. En un breve comunicado, el director de la Oficina de Prensa de la Santa Sede, padre Federico Lombardi SJ, se\u00f1al\u00f3 que el acuerdo alcanzado es el resultado importante de las negociaciones llevadas a cabo hasta la fecha, pero que \u00abrequiere la continuaci\u00f3n del esfuerzo y del compromiso de todos para que d\u00e9 frutos. Se espera que dichos frutos no se limiten solo al \u00e1mbito del programa nuclear, sino que se extiendan a otros sectores\u00bb.<\/p>\n<p>El acuerdo apunta a frenar el programa nuclear iran\u00ed a cambio del alivio de las sanciones por millones de d\u00f3lares, cuyo objetivo es erradicar la amenaza de que ese pa\u00eds desarrollar un arma at\u00f3mica.<\/p>\n<div>El acuerdo alcanzado luego de intensas y complicadas negociaciones, Ir\u00e1n y el Grupo 5+1 (Estados Unidos, Rusia, China, el Reino Unido, Francia y Alemania ) seis potencias mundiales, representa un gran avance frente a las d\u00e9cadas de choques entre ambos bandos.<\/div>\n<div>\u00abLa Santa Sede considera positivo el acuerdo sobre el programa nuclear iran\u00ed. Se trata de un resultado importante de las negociaciones llevadas a cabo hasta la fecha, pero que requiere la continuaci\u00f3n del esfuerzo y del compromiso de todos para que d\u00e9 frutos. Se espera que dichos frutos no se limiten solo al \u00e1mbito del programa nuclear, sino que se extiendan a otros sectores\u00bb, as\u00ed lo anunci\u00f3, esta ma\u00f1ana, el director de la Oficina de Prensa de la Santa Sede, padre Federico Lombardi SJ, a prop\u00f3sito del acuerdo alcanzado esta ma\u00f1ana entre Ir\u00e1n y el Grupo 5+1 (Estados Unidos, Rusia, China, el Reino Unido, Francia y Alemania ) sobre el programa nuclear iran\u00ed.<\/div>\n<div>\u00a0<\/div>\n<div>Los ministros de Exteriores y sus equipos negociadores de los siete pa\u00edses involucrados en la negociaci\u00f3n buscaron a lo largo de los \u00faltimos 18 d\u00edas de intensas conversaciones un consenso para poder cerrar este hist\u00f3rico acuerdo.<\/div>\n<div>\u00a0<\/div>\n<div>El presidente de Ir\u00e1n, Has\u00e1n Rohan\u00ed, afirm\u00f3 que un acuerdo nuclear entre su pa\u00eds y las potencias del Grupo 5+1 ser\u00e1 \u00abun triunfo de la diplomacia\u00bb y servir\u00e1 como \u00abbuen comienzo\u00bb para unas nuevas relaciones internacionales.<\/div>\n<div>\u00a0<\/div>\n<div>En un mensaje, Rohan\u00ed expres\u00f3 que el acuerdo nuclear, que se concret\u00f3 en las conversaciones que se mantienen en Viena, ser\u00e1 un instrumento que termine con una \u00e9poca de \u00abexclusi\u00f3n y coerci\u00f3n\u00bb en las relaciones entre pa\u00edses.<\/div>\n<div>\u00a0<\/div>\n<div>Fuente: AICA y agencias<\/div>\n<p><a href=\"http:\/\/web.hilo.org.pe\/wp-content\/uploads\/lideres_51.jpg\" target=\"_blank\" rel=\"noopener\">Ver archivo adjunto<\/a><\/p>\n","protected":false},"excerpt":{"rendered":"<p>Ciudad del Vaticano (EVARED).- Como \u00abpositivo\u00bb consider? la Santa Sede al reciente acuerdo sobre el programa nuclear iran?. En un breve comunicado, el director de la Oficina de Prensa de la Santa Sede, padre Federico Lombardi SJ, se?al? que el acuerdo alcanzado es el resultado importante de las negociaciones llevadas a cabo hasta la fecha, pero que \u00abrequiere la continuaci?n del esfuerzo y del compromiso de todos para que d? frutos. Se espera que dichos frutos no se limiten solo al ?mbito del programa nuclear, sino que se extiendan a otros sectores\u00bb.<\/p>\n","protected":false},"author":1,"featured_media":8037,"comment_status":"closed","ping_status":"closed","sticky":false,"template":"","format":"standard","meta":{"footnotes":""},"categories":[9],"tags":[],"class_list":["post-2413","post","type-post","status-publish","format-standard","has-post-thumbnail","hentry","category-noticias"],"_links":{"self":[{"href":"https:\/\/ceas.org.pe\/index.php\/wp-json\/wp\/v2\/posts\/2413","targetHints":{"allow":["GET"]}}],"collection":[{"href":"https:\/\/ceas.org.pe\/index.php\/wp-json\/wp\/v2\/posts"}],"about":[{"href":"https:\/\/ceas.org.pe\/index.php\/wp-json\/wp\/v2\/types\/post"}],"author":[{"embeddable":true,"href":"https:\/\/ceas.org.pe\/index.php\/wp-json\/wp\/v2\/users\/1"}],"replies":[{"embeddable":true,"href":"https:\/\/ceas.org.pe\/index.php\/wp-json\/wp\/v2\/comments?post=2413"}],"version-history":[{"count":1,"href":"https:\/\/ceas.org.pe\/index.php\/wp-json\/wp\/v2\/posts\/2413\/revisions"}],"predecessor-version":[{"id":6805,"href":"https:\/\/ceas.org.pe\/index.php\/wp-json\/wp\/v2\/posts\/2413\/revisions\/6805"}],"wp:featuredmedia":[{"embeddable":true,"href":"https:\/\/ceas.org.pe\/index.php\/wp-json\/wp\/v2\/media\/8037"}],"wp:attachment":[{"href":"https:\/\/ceas.org.pe\/index.php\/wp-json\/wp\/v2\/media?parent=2413"}],"wp:term":[{"taxonomy":"category","embeddable":true,"href":"https:\/\/ceas.org.pe\/index.php\/wp-json\/wp\/v2\/categories?post=2413"},{"taxonomy":"post_tag","embeddable":true,"href":"https:\/\/ceas.org.pe\/index.php\/wp-json\/wp\/v2\/tags?post=2413"}],"curies":[{"name":"wp","href":"https:\/\/api.w.org\/{rel}","templated":true}]}}