{"id":2410,"date":"2015-07-14T10:38:01","date_gmt":"2015-07-14T10:38:01","guid":{"rendered":""},"modified":"2026-03-11T09:12:12","modified_gmt":"2026-03-11T14:12:12","slug":"nuevo-vicario-general-de-la-arquidiocesis-de-trujillo","status":"publish","type":"post","link":"https:\/\/ceas.org.pe\/index.php\/2015\/07\/14\/nuevo-vicario-general-de-la-arquidiocesis-de-trujillo\/","title":{"rendered":"Nuevo vicario general de la Arquidi\u00f3cesis de Trujillo"},"content":{"rendered":"<p>El Arzobispo del Cusco, Monse\u00f1or Richard Daniel Alarc\u00f3n Urrutia, mediante Decreto Arzobispal N\u00b0 031-2015, nombr\u00f3 a Monse\u00f1or Fredi Aparicio Quispe, como nuevo Vicario General de la Arquidi\u00f3cesis del Cusco, cargo eclesi\u00e1stico que asumir\u00e1 oficialmente a partir del lunes 13 de julio, en una peque\u00f1a ceremonia en la Capilla del Palacio Arzobispal.<\/p>\n<div>\u00a0<\/div>\n<div>Asimismo, el Arzobispo agradece de manera especial a Monse\u00f1or Israel Condorhuam\u00e1n Estrada, por todos sus servicios pastorales realizados durante los \u00faltimos a\u00f1os, augur\u00e1ndole muchas bendiciones del Se\u00f1or en los cargos que desempe\u00f1a actualmente en la Arquidi\u00f3cesis del Cusco.<\/div>\n<div>\u00a0<\/div>\n<div>De igual forma, Monse\u00f1or Fredi Aparicio Quispe, continuar\u00e1 ejerciendo sus encargos pastorales como el de la Vicaria Episcopal para la Pastoral de la Arquidi\u00f3cesis del Cusco, Presidente de la Comisi\u00f3n Arquidiocesana de Juventud, y P\u00e1rroco de San Antonio Abad. (Fuente: CEP)<\/div>\n<p>\u00a0<\/p>\n<p><a href=\"http:\/\/web.hilo.org.pe\/wp-content\/uploads\/logovicariogeneraltrujillo.jpg\" target=\"_blank\" rel=\"noopener\">Ver archivo adjunto<\/a><\/p>\n","protected":false},"excerpt":{"rendered":"<p>El Arzobispo del Cusco, Monse?or Richard Daniel Alarc?n Urrutia, mediante Decreto Arzobispal N? 031-2015, nombr? a Monse?or Fredi Aparicio Quispe, como nuevo Vicario General de la Arquidi?cesis del Cusco, cargo eclesi?stico que asumir? oficialmente a partir del lunes 13 de julio, en una peque?a ceremonia en la Capilla del Palacio Arzobispal.<\/p>\n","protected":false},"author":1,"featured_media":8024,"comment_status":"closed","ping_status":"closed","sticky":false,"template":"","format":"standard","meta":{"footnotes":""},"categories":[9],"tags":[],"class_list":["post-2410","post","type-post","status-publish","format-standard","has-post-thumbnail","hentry","category-noticias"],"_links":{"self":[{"href":"https:\/\/ceas.org.pe\/index.php\/wp-json\/wp\/v2\/posts\/2410","targetHints":{"allow":["GET"]}}],"collection":[{"href":"https:\/\/ceas.org.pe\/index.php\/wp-json\/wp\/v2\/posts"}],"about":[{"href":"https:\/\/ceas.org.pe\/index.php\/wp-json\/wp\/v2\/types\/post"}],"author":[{"embeddable":true,"href":"https:\/\/ceas.org.pe\/index.php\/wp-json\/wp\/v2\/users\/1"}],"replies":[{"embeddable":true,"href":"https:\/\/ceas.org.pe\/index.php\/wp-json\/wp\/v2\/comments?post=2410"}],"version-history":[{"count":1,"href":"https:\/\/ceas.org.pe\/index.php\/wp-json\/wp\/v2\/posts\/2410\/revisions"}],"predecessor-version":[{"id":6808,"href":"https:\/\/ceas.org.pe\/index.php\/wp-json\/wp\/v2\/posts\/2410\/revisions\/6808"}],"wp:featuredmedia":[{"embeddable":true,"href":"https:\/\/ceas.org.pe\/index.php\/wp-json\/wp\/v2\/media\/8024"}],"wp:attachment":[{"href":"https:\/\/ceas.org.pe\/index.php\/wp-json\/wp\/v2\/media?parent=2410"}],"wp:term":[{"taxonomy":"category","embeddable":true,"href":"https:\/\/ceas.org.pe\/index.php\/wp-json\/wp\/v2\/categories?post=2410"},{"taxonomy":"post_tag","embeddable":true,"href":"https:\/\/ceas.org.pe\/index.php\/wp-json\/wp\/v2\/tags?post=2410"}],"curies":[{"name":"wp","href":"https:\/\/api.w.org\/{rel}","templated":true}]}}