{"id":2409,"date":"2015-07-13T14:17:26","date_gmt":"2015-07-13T14:17:26","guid":{"rendered":""},"modified":"2026-03-11T09:12:12","modified_gmt":"2026-03-11T14:12:12","slug":"el-destino-universal-de-los-bienes-no-es-un-adorno-discursivo-de-la-dsi","status":"publish","type":"post","link":"https:\/\/ceas.org.pe\/index.php\/2015\/07\/13\/el-destino-universal-de-los-bienes-no-es-un-adorno-discursivo-de-la-dsi\/","title":{"rendered":"\u00abEl destino universal de los bienes no es un adorno discursivo de la DSI\u00bb"},"content":{"rendered":"<div>(Ecuador) La actividad cerr\u00f3 la jornada del Papa Francisco en Santa Cruz de la Sierra, el pasado jueves, fue su participaci\u00f3n en el II Encuentro Mundial de los Movimientos Populares, organizado en colaboraci\u00f3n con el Pontificio Consejo Justicia y Paz y la Pontificia Academia de las Ciencias Sociales al que asisten delegados de los movimientos populares de todo el mundo: trabajadores precarios y de la econom\u00eda informal, campesinos sin tierras, \u201cvilleros\u201d (habitantes de los barrios pobres), ind\u00edgenas, inmigrantes, adem\u00e1s de representantes de movimientos sociales.\u00a0<\/div>\n<div>\u00a0<\/div>\n<div>En su discurso, el Papa agradeci\u00f3 a Dios que pueda estar reunido con ellos. Dijo que la Biblia nos recuerda que Dios escucha el clamor de su pueblo. Tambi\u00e9n indic\u00f3 que las tres \u201ct\u201d, tierra, techo y trabajo \u201cson derechos sagrados\u201d. \u201cVale la pena, luchar por ellos. Que el clamor de los excluidos se escuche en Am\u00e9rica Latina y en toda la tierra\u201d, dijo.\u00a0<\/div>\n<div>\u00a0<\/div>\n<div>El Pont\u00edfice resalt\u00f3 que es necesitamos un cambio, pues a trav\u00e9s de cartas y encuentros conoce las injusticias que sufren los m\u00e1s necesitados. \u201cSi esto es as\u00ed, insisto, dig\u00e1moslo sin miedo: queremos un cambio, un cambio real, un cambio de estructuras.\u00a0<\/div>\n<div>\u00a0<\/div>\n<div>\u00a0<\/div>\n<div>Este sistema ya no se aguanta, no lo aguantan los campesinos, no lo aguantan los trabajadores, no lo aguantan las comunidades, no lo aguantan los pueblos y tampoco lo aguanta la Tierra, la hermana Madre Tierra como dec\u00eda San Francisco\u201d.<\/div>\n<div>\u00a0<\/div>\n<div>\u201cQuisiera hoy reflexionar con Ustedes sobre el cambio que queremos y necesitamos. Ustedes saben que escrib\u00ed recientemente sobre los problemas del cambio clim\u00e1tico. Pero, esta vez, quiero hablar de un cambio en el otro sentido. Un cambio positivo, un cambio que nos haga bien, un cambio podr\u00edamos decir redentor. Porque lo necesitamos. (\u2026) La ambici\u00f3n desenfrenada de dinero que gobierna. Ese es \u201cel esti\u00e9rcol del diablo\u201d. El servicio para el bien com\u00fan queda relegado. Cuando el capital se convierte en \u00eddolo y dirige las opciones de los seres humanos, cuando la avidez por el dinero tutela todo el sistema socioecon\u00f3mico, arruina la sociedad, condena al hombre, lo convierte en esclavo, destruye la fraternidad interhumana, enfrenta pueblo contra pueblo y, como vemos, incluso pone en riesgo esta nuestra casa com\u00fan, la hermana y madre tierra\u201d, se\u00f1al\u00f3.<\/div>\n<div>\u00a0<\/div>\n<div>El Pont\u00edfice resalt\u00f3 que los movimientos populares, asumen las labores de siempre motivados por el amor fraterno que se rebela contra la injusticia social. Por ello, les pidi\u00f3 tener siempre en el coraz\u00f3n a la Virgen Mar\u00eda, \u201cuna humilde muchacha de un peque\u00f1o pueblo perdido en la periferia de un gran imperio, una madre sin techo que supo transformar una cueva de animales en la casa de Jes\u00fas con unos pa\u00f1ales y una monta\u00f1a de ternura. Mar\u00eda es signo de esperanza para los pueblos que sufren dolores de parto hasta que brote la justicia Yo rezo a la Virgen Mar\u00eda, tan venerada por el pueblo boliviano se conf\u00eda con fervor, para que permita que este encuentro nuestro sea fermento de cambio\u201d.<\/div>\n<div>\u00a0<\/div>\n<div>Agreg\u00f3 la primera tarea es poner la econom\u00eda al servicio de los Pueblos: \u201cLos seres humanos y la naturaleza no deben estar al servicio del dinero. Digamos no a una econom\u00eda de exclusi\u00f3n e inequidad donde el dinero reina en lugar de servir. Esa econom\u00eda mata. Esa econom\u00eda excluye. Esa econom\u00eda destruye la Madre Tierra. La econom\u00eda no deber\u00eda ser un mecanismo de acumulaci\u00f3n sino la adecuada administraci\u00f3n de la casa com\u00fan. Eso implica cuidar celosamente la casa y distribuir adecuadamente los bienes entre todos. Su objeto no es \u00fanicamente asegurar la comida o un &#8216;decoroso sustento&#8217;. (\u2026)\u00a0<\/div>\n<div>\u00a0<\/div>\n<div>Una econom\u00eda justa debe crear las condiciones para que cada persona pueda gozar de una infancia sin carencias, desarrollar sus talentos durante la juventud, trabajar con plenos derechos durante los a\u00f1os de actividad y acceder a una digna jubilaci\u00f3n en la ancianidad. Es una econom\u00eda donde el ser humano en armon\u00eda con la naturaleza, estructura todo el sistema de producci\u00f3n y distribuci\u00f3n para que las capacidades y las necesidades de cada uno encuentren un cauce adecuado en el ser social\u201d, dijo.<\/div>\n<div>\u00a0<\/div>\n<div>En su discurso, el Pont\u00edfice se\u00f1al\u00f3 que la m\u00e1s importante tarea que debemos asumir hoy, es defender la Madre Tierra. \u201cLa casa com\u00fan de todos nosotros est\u00e1 siendo saqueada, devastada, vejada impunemente. La cobard\u00eda en su defensa es un grave pecado. Vemos con decepci\u00f3n creciente como se suceden una tras otras las cumbres internacionales sin ning\u00fan resultado importante. Existe un claro, definitivo e impostergable imperativo \u00e9tico de actuar que no se est\u00e1 cumpliendo. No se puede permitir que ciertos intereses que son globales pero no universales se impongan, sometan a los Estados y organismos internacionales, y contin\u00faen destruyendo la creaci\u00f3n. Los Pueblos y sus movimientos est\u00e1n llamados a clamar, a exigir pacifica pero tenazmente la adopci\u00f3n urgente de medidas apropiadas. Yo les pido, en nombre de Dios, que defiendan a la Madre Tierra, exclam\u00f3.<\/div>\n<div>\u00a0<\/div>\n<div>Finalmente, el Papa Francisco dijo que el futuro de la humanidad no est\u00e1 \u00fanicamente en manos de las grandes potencias y las \u00e9lites. Est\u00e1 fundamentalmente en manos de los pueblos; en su capacidad de organizarse y tambi\u00e9n en sus manos que riegan con humildad y convicci\u00f3n este proceso de cambio. \u201cLos acompa\u00f1o. Digamos juntos Y cada uno, repit\u00e1monos desde el coraz\u00f3n: ninguna familia sin vivienda, ning\u00fan campesino sin tierra, ning\u00fan trabajador sin derechos, ning\u00fan pueblo sin soberan\u00eda, ninguna persona sin dignidad, ning\u00fan ni\u00f1o sin infancia, ning\u00fan joven sin posibilidades, ning\u00fan anciano sin una venerable vejez. Sigan con su lucha y, por favor, cuiden mucho a la Madre Tierra. Cr\u00e9anme, y soy sincero, de coraz\u00f3n les digo: rezo por ustedes, rezo con ustedes y quiero pedirle a nuestro Padre Dios que los acompa\u00f1e y los bendiga, que los colme de su amor y los defienda en el camino d\u00e1ndoles abundantemente esa fuerza que nos mantiene en pie: esa fuerza es la esperanza\u201d, concluy\u00f3.<\/div>\n<p><a href=\"http:\/\/web.hilo.org.pe\/wp-content\/uploads\/DSI.jpg\" target=\"_blank\" rel=\"noopener\">Ver archivo adjunto<\/a><\/p>\n","protected":false},"excerpt":{"rendered":"<p>(Ecuador) La actividad cerr? la jornada del Papa Francisco en Santa Cruz de la Sierra, el pasado jueves, fue su participaci?n en el II Encuentro Mundial de los Movimientos Populares, organizado en colaboraci?n con el Pontificio Consejo Justicia y Paz y la Pontificia Academia de las Ciencias Sociales al que asisten delegados de los movimientos populares de todo el mundo: trabajadores precarios y de la econom?a informal, campesinos sin tierras, ?villeros? (habitantes de los barrios pobres), ind?genas, inmigrantes, adem?s de representantes de movimientos sociales.<\/p>\n","protected":false},"author":1,"featured_media":8072,"comment_status":"closed","ping_status":"closed","sticky":false,"template":"","format":"standard","meta":{"footnotes":""},"categories":[9],"tags":[],"class_list":["post-2409","post","type-post","status-publish","format-standard","has-post-thumbnail","hentry","category-noticias"],"_links":{"self":[{"href":"https:\/\/ceas.org.pe\/index.php\/wp-json\/wp\/v2\/posts\/2409","targetHints":{"allow":["GET"]}}],"collection":[{"href":"https:\/\/ceas.org.pe\/index.php\/wp-json\/wp\/v2\/posts"}],"about":[{"href":"https:\/\/ceas.org.pe\/index.php\/wp-json\/wp\/v2\/types\/post"}],"author":[{"embeddable":true,"href":"https:\/\/ceas.org.pe\/index.php\/wp-json\/wp\/v2\/users\/1"}],"replies":[{"embeddable":true,"href":"https:\/\/ceas.org.pe\/index.php\/wp-json\/wp\/v2\/comments?post=2409"}],"version-history":[{"count":1,"href":"https:\/\/ceas.org.pe\/index.php\/wp-json\/wp\/v2\/posts\/2409\/revisions"}],"predecessor-version":[{"id":6809,"href":"https:\/\/ceas.org.pe\/index.php\/wp-json\/wp\/v2\/posts\/2409\/revisions\/6809"}],"wp:featuredmedia":[{"embeddable":true,"href":"https:\/\/ceas.org.pe\/index.php\/wp-json\/wp\/v2\/media\/8072"}],"wp:attachment":[{"href":"https:\/\/ceas.org.pe\/index.php\/wp-json\/wp\/v2\/media?parent=2409"}],"wp:term":[{"taxonomy":"category","embeddable":true,"href":"https:\/\/ceas.org.pe\/index.php\/wp-json\/wp\/v2\/categories?post=2409"},{"taxonomy":"post_tag","embeddable":true,"href":"https:\/\/ceas.org.pe\/index.php\/wp-json\/wp\/v2\/tags?post=2409"}],"curies":[{"name":"wp","href":"https:\/\/api.w.org\/{rel}","templated":true}]}}