{"id":2406,"date":"2015-07-10T16:19:31","date_gmt":"2015-07-10T16:19:31","guid":{"rendered":""},"modified":"2026-03-11T09:12:12","modified_gmt":"2026-03-11T14:12:12","slug":"papa-pide-en-nombre-de-dios-defender-a-la-madre-tierra","status":"publish","type":"post","link":"https:\/\/ceas.org.pe\/index.php\/2015\/07\/10\/papa-pide-en-nombre-de-dios-defender-a-la-madre-tierra\/","title":{"rendered":"Papa pide en nombre de Dios defender a la Madre Tierra"},"content":{"rendered":"<p>\u00a0El Papa Francisco pidi\u00f3 durante su intervenci\u00f3n en el II Encuentro Mundial de Movimientos Populares, que se desarroll\u00f3 en Santa Cruz, defender en nombre de Dios a la Madre Tierra. \u00a0<\/p>\n<div>\u00a0<\/div>\n<div>Dijo que no es posible que ciertos intereses globales se impongan a los Estados para destruir la naturaleza, por lo que los pueblos deben movilizarse pac\u00edficamente para salir en defensa de la \u201ccasa com\u00fan que est\u00e1 siendo saqueada\u201d. \u00a0<\/div>\n<div>\u00a0<\/div>\n<div>\u201cNo se puede permitir que ciertos intereses \u2013que son globales pero no universales\u2013 se impongan, sometan a los Estados y organismos internacionales, y contin\u00faen destruyendo la creaci\u00f3n. Los Pueblos y sus movimientos est\u00e1n llamados a clamar, a movilizare, a exigir \u2013pac\u00edfica pero tenazmente\u2013 la adopci\u00f3n urgente de medidas apropiadas. Yo les pido, en nombre de Dios, que defiendan a la Madre Tierra\u201d, se\u00f1al\u00f3 a los presentes.\u00a0<\/div>\n<div>\u00a0<\/div>\n<div>El presidente Evo Morales, que acompa\u00f1\u00f3 a Francisco al evento internacional, lo escuch\u00f3 atentamente, por cerca de una hora, tiempo dur\u00f3 el mensaje del obispo de Roma.<\/div>\n<div>\u00a0<\/div>\n<div>El Sumo Pont\u00edfice cuestion\u00f3 la realizaci\u00f3n de cumbres internacionales donde las grandes naciones trataron el cambio clim\u00e1tico, sin resultados, de tal forma que plante\u00f3 la defensa de la Madre Tierra, como una tarea a encarar desde los pueblos. \u00a0\u00a0<\/div>\n<div>\u00a0<\/div>\n<div>\u201cLa casa com\u00fan de todos nosotros esta\u0301 siendo saqueada, devastada, vejada impunemente. La cobard\u00eda en su defensa es un grave pecado. Vemos con decepci\u00f3n creciente como se suceden una tras otra cumbres internacionales sin ning\u00fan resultado importante. Existe un claro, definitivo e impostergable imperativo \u00e9tico de actuar que no se est\u00e1 cumpliendo\u201d, finaliz\u00f3.<\/div>\n<div>\u00a0<\/div>\n<div>Indic\u00f3 adem\u00e1s que el cambio clim\u00e1tico podr\u00eda ser irreversible, si no se act\u00faa. \u201cEl tiempo, hermanos y hermanas, el tiempo pareciera que se estuviera acabando. No alcanz\u00f3 el pelearnos entre nosotros, sino que nos ensa\u00f1amos contra nuestra casa. Hoy la comunidad cient\u00edfica acepta, lo que hace ya desde mucho tiempo denuncian los humildes, se est\u00e1n produciendo da\u00f1os, tal vez, irreversibles en el ecosistema, se est\u00e1 castigando a la tierra, a los pueblos y a las personas de un modo casi salvaje (\u2026)\u201d, lament\u00f3.<\/div>\n<div>\u00a0<\/div>\n<div>Fuente: erbol.com.bo<\/div>\n<div>\u00a0<\/div>\n<p><a href=\"http:\/\/web.hilo.org.pe\/wp-content\/uploads\/madretierra.jpg\" target=\"_blank\" rel=\"noopener\">Ver archivo adjunto<\/a><\/p>\n","protected":false},"excerpt":{"rendered":"<p>El Papa Francisco pidi? durante su intervenci?n en el II Encuentro Mundial de Movimientos Populares, que se desarroll? en Santa Cruz, defender en nombre de Dios a la Madre Tierra.<\/p>\n","protected":false},"author":1,"featured_media":7848,"comment_status":"closed","ping_status":"closed","sticky":false,"template":"","format":"standard","meta":{"footnotes":""},"categories":[9],"tags":[],"class_list":["post-2406","post","type-post","status-publish","format-standard","has-post-thumbnail","hentry","category-noticias"],"_links":{"self":[{"href":"https:\/\/ceas.org.pe\/index.php\/wp-json\/wp\/v2\/posts\/2406","targetHints":{"allow":["GET"]}}],"collection":[{"href":"https:\/\/ceas.org.pe\/index.php\/wp-json\/wp\/v2\/posts"}],"about":[{"href":"https:\/\/ceas.org.pe\/index.php\/wp-json\/wp\/v2\/types\/post"}],"author":[{"embeddable":true,"href":"https:\/\/ceas.org.pe\/index.php\/wp-json\/wp\/v2\/users\/1"}],"replies":[{"embeddable":true,"href":"https:\/\/ceas.org.pe\/index.php\/wp-json\/wp\/v2\/comments?post=2406"}],"version-history":[{"count":1,"href":"https:\/\/ceas.org.pe\/index.php\/wp-json\/wp\/v2\/posts\/2406\/revisions"}],"predecessor-version":[{"id":6812,"href":"https:\/\/ceas.org.pe\/index.php\/wp-json\/wp\/v2\/posts\/2406\/revisions\/6812"}],"wp:featuredmedia":[{"embeddable":true,"href":"https:\/\/ceas.org.pe\/index.php\/wp-json\/wp\/v2\/media\/7848"}],"wp:attachment":[{"href":"https:\/\/ceas.org.pe\/index.php\/wp-json\/wp\/v2\/media?parent=2406"}],"wp:term":[{"taxonomy":"category","embeddable":true,"href":"https:\/\/ceas.org.pe\/index.php\/wp-json\/wp\/v2\/categories?post=2406"},{"taxonomy":"post_tag","embeddable":true,"href":"https:\/\/ceas.org.pe\/index.php\/wp-json\/wp\/v2\/tags?post=2406"}],"curies":[{"name":"wp","href":"https:\/\/api.w.org\/{rel}","templated":true}]}}