{"id":2402,"date":"2015-07-08T12:52:42","date_gmt":"2015-07-08T12:52:42","guid":{"rendered":""},"modified":"2026-03-11T09:12:12","modified_gmt":"2026-03-11T14:12:12","slug":"revisan-propuesta-de-acuerdo-regional-sobre-informacion-participacion-y-justicia-ambiental","status":"publish","type":"post","link":"https:\/\/ceas.org.pe\/index.php\/2015\/07\/08\/revisan-propuesta-de-acuerdo-regional-sobre-informacion-participacion-y-justicia-ambiental\/","title":{"rendered":"Revisan propuesta de acuerdo regional sobre Informaci\u00f3n, Participaci\u00f3n y Justicia ambiental"},"content":{"rendered":"<p>Durante el mes de julio se realizar\u00e1 el proceso de consulta p\u00fablica para revisar el Documento Preliminar sobre los Derechos de Acceso a la Informaci\u00f3n, Participaci\u00f3n y Justicia en Asuntos Ambientales. Durante este proceso de consulta p\u00fablica, la ciudadan\u00eda podr\u00e1 acceder al documento v\u00eda online, remitir aportes sobre el mismo y, adem\u00e1s, se organizar\u00e1n diversos Talleres Multisectoriales para construir la posici\u00f3n nacional sobre el mencionado documento cuyo objetivo es el fortalecimiento de la democracia y la gobernanza ambiental en Am\u00e9rica Latina y el Caribe, mediante la efectiva implementaci\u00f3n de los Derechos de Acceso a la Informaci\u00f3n, Participaci\u00f3n y Justicia en Asuntos Ambientales.<\/p>\n<div>\u00a0<\/div>\n<div>\u201cDe esta manera se espera que la participaci\u00f3n activa de las entidades p\u00fablicas, privadas y de la ciudadan\u00eda en general coadyuve en el proceso de negociaci\u00f3n a trav\u00e9s de sugerencias y aportes sobre el futuro acuerdo regional, proceso del que ya forman parte 20 pa\u00edses de la regi\u00f3n, incluyendo el Per\u00fa.\u201d<\/div>\n<div>\u00a0<\/div>\n<div>Dicho proceso de negociaci\u00f3n tiene como antecedente la Conferencia de R\u00edo + 20 realizada en Brasil en el a\u00f1o 2012, donde los pa\u00edses de Am\u00e9rica Latina y el Caribe, entre ellos, el Per\u00fa, decidieron iniciar un proceso de negociaci\u00f3n regional conducente a la aprobaci\u00f3n de un instrumento que implemente el Principio 10 de la Declaraci\u00f3n de R\u00edo sobre el Medio Ambiente y Desarrollo y construya un marco jur\u00eddico internacional que, a trav\u00e9s de mecanismos de gobernanza ambiental, garantice el Derecho a un medio ambiente sano y sostenible.<\/div>\n<div>\u00a0<\/div>\n<div>En efecto, cerca de 178 pa\u00edses con ocasi\u00f3n de la Declaraci\u00f3n de R\u00edo sobre el Medio Ambiente y Desarrollo (19925), suscribieron el mencionado Principio 10 que establece:<\/div>\n<div>\u00a0<\/div>\n<div>\u201cEl mejor modo de tratar las cuestiones ambientales es con la participaci\u00f3n de todos los ciudadanos interesados, en el nivel que corresponda. En el plano nacional, toda persona deber\u00e1 tener acceso adecuado a la informaci\u00f3n sobre el medio ambiente de que dispongan las autoridades p\u00fablicas, incluida la informaci\u00f3n sobre los materiales y las actividades que encierran peligro en sus comunidades, as\u00ed como la oportunidad de participar en los procesos de adopci\u00f3n de decisiones. Los Estados deber\u00e1n facilitar y fomentar la sensibilizaci\u00f3n y la participaci\u00f3n de la poblaci\u00f3n poniendo la informaci\u00f3n a disposici\u00f3n de todos. Deber\u00e1 proporcionarse acceso efectivo a los procedimientos judiciales y administrativos, entre estos el resarcimiento de da\u00f1os y los recursos pertinentes\u201d (Principio 10 de la Declaraci\u00f3n de R\u00edo sobre el Medio Ambiente y el Desarrollo, 1992).<\/div>\n<div>\u00a0<\/div>\n<div>Fuente: minam.gob.pe<\/div>\n<div>\u00a0<\/div>\n<div>\u00a0<\/div>\n<p><a href=\"http:\/\/web.hilo.org.pe\/wp-content\/uploads\/justiciaambiental.jpg\" target=\"_blank\" rel=\"noopener\">Ver archivo adjunto<\/a><\/p>\n","protected":false},"excerpt":{"rendered":"<p>\u00a0Durante el mes de julio se realizar\u00e1 el proceso de consulta p\u00fablica para revisar el Documento Preliminar sobre los Derechos de Acceso a la Informaci\u00f3n, Participaci\u00f3n y Justicia en Asuntos Ambientales. Durante este proceso de consulta p\u00fablica, la ciudadan\u00eda podr\u00e1 acceder al documento v\u00eda online, remitir aportes sobre el mismo y, adem\u00e1s, se organizar\u00e1n diversos Talleres Multisectoriales para construir la posici\u00f3n nacional sobre el mencionado documento cuyo objetivo es el fortalecimiento de la democracia y la gobernanza ambiental en Am\u00e9rica Latina y el Caribe, mediante la efectiva implementaci\u00f3n de los Derechos de Acceso a la Informaci\u00f3n, Participaci\u00f3n y Justicia en Asuntos Ambientales.<\/p>\n","protected":false},"author":1,"featured_media":7915,"comment_status":"closed","ping_status":"closed","sticky":false,"template":"","format":"standard","meta":{"footnotes":""},"categories":[9],"tags":[],"class_list":["post-2402","post","type-post","status-publish","format-standard","has-post-thumbnail","hentry","category-noticias"],"_links":{"self":[{"href":"https:\/\/ceas.org.pe\/index.php\/wp-json\/wp\/v2\/posts\/2402","targetHints":{"allow":["GET"]}}],"collection":[{"href":"https:\/\/ceas.org.pe\/index.php\/wp-json\/wp\/v2\/posts"}],"about":[{"href":"https:\/\/ceas.org.pe\/index.php\/wp-json\/wp\/v2\/types\/post"}],"author":[{"embeddable":true,"href":"https:\/\/ceas.org.pe\/index.php\/wp-json\/wp\/v2\/users\/1"}],"replies":[{"embeddable":true,"href":"https:\/\/ceas.org.pe\/index.php\/wp-json\/wp\/v2\/comments?post=2402"}],"version-history":[{"count":1,"href":"https:\/\/ceas.org.pe\/index.php\/wp-json\/wp\/v2\/posts\/2402\/revisions"}],"predecessor-version":[{"id":6816,"href":"https:\/\/ceas.org.pe\/index.php\/wp-json\/wp\/v2\/posts\/2402\/revisions\/6816"}],"wp:featuredmedia":[{"embeddable":true,"href":"https:\/\/ceas.org.pe\/index.php\/wp-json\/wp\/v2\/media\/7915"}],"wp:attachment":[{"href":"https:\/\/ceas.org.pe\/index.php\/wp-json\/wp\/v2\/media?parent=2402"}],"wp:term":[{"taxonomy":"category","embeddable":true,"href":"https:\/\/ceas.org.pe\/index.php\/wp-json\/wp\/v2\/categories?post=2402"},{"taxonomy":"post_tag","embeddable":true,"href":"https:\/\/ceas.org.pe\/index.php\/wp-json\/wp\/v2\/tags?post=2402"}],"curies":[{"name":"wp","href":"https:\/\/api.w.org\/{rel}","templated":true}]}}