{"id":2400,"date":"2015-07-07T13:02:26","date_gmt":"2015-07-07T13:02:26","guid":{"rendered":""},"modified":"2026-03-11T09:12:12","modified_gmt":"2026-03-11T14:12:12","slug":"maoana-se-lanza-campaoa-compartir-2015","status":"publish","type":"post","link":"https:\/\/ceas.org.pe\/index.php\/2015\/07\/07\/maoana-se-lanza-campaoa-compartir-2015\/","title":{"rendered":"Ma\u00f3ana se lanza Campa\u00f3a Compartir 2015"},"content":{"rendered":"<div>Ma\u00f1ana se realizar\u00e1 el lanzamiento oficial de la Campa\u00f1a de Solidaridad Compartir 2015, que este a\u00f1o tiene como tema central: \u201cSolidaridad con la ni\u00f1ez abandonada\u201d. El lanzamiento de la Campa\u00f1a de Solidaridad Compartir se realizar\u00e1 con una conferencia de prensa, que iniciar\u00e1 a las 10:30 de la ma\u00f1ana en el auditorio de la Conferencia Episcopal Peruana, en Jes\u00fas Mar\u00eda.\u00a0<\/div>\n<div>\u00a0<\/div>\n<div>Previo a este lanzamiento ya se viene preparando los detalles del mismo y se est\u00e1 trabajando el texto base que ser\u00e1 difundido en parroquias y colegios para conocer m\u00e1s el tema que aborda este a\u00f1o.<\/div>\n<div>\u00a0<\/div>\n<div>El objetivo del evento es dar a conocer los detalles y acciones de la Campa\u00f1a Compartir 2015, para luego sensibilizar a la poblaci\u00f3n sobre la ni\u00f1ez abandonada en nuestro pa\u00eds.<\/div>\n<div>\u00a0<\/div>\n<div>La Campa\u00f1a de Solidaridad \u201cCOMPARTIR\u201d es una acci\u00f3n solidaria de la Conferencia Episcopal Peruana, que desde 1990 trabaja un tema diferente cada a\u00f1o, a favor de las poblaciones m\u00e1s necesitadas del pa\u00eds.<\/div>\n<p><a href=\"http:\/\/web.hilo.org.pe\/wp-content\/uploads\/compartir.jpg\" target=\"_blank\" rel=\"noopener\">Ver archivo adjunto<\/a><\/p>\n","protected":false},"excerpt":{"rendered":"<p>Ma?ana se realizar? el lanzamiento oficial de la Campa?a de Solidaridad Compartir 2015, que este a?o tiene como tema central: ?Solidaridad con la ni?ez abandonada?. El lanzamiento de la Campa?a de Solidaridad Compartir se realizar? con una conferencia de prensa, que iniciar? a las 10:30 de la ma?ana en el auditorio de la Conferencia Episcopal Peruana, en Jes?s Mar?a.<\/p>\n","protected":false},"author":1,"featured_media":7905,"comment_status":"closed","ping_status":"closed","sticky":false,"template":"","format":"standard","meta":{"footnotes":""},"categories":[9],"tags":[],"class_list":["post-2400","post","type-post","status-publish","format-standard","has-post-thumbnail","hentry","category-noticias"],"_links":{"self":[{"href":"https:\/\/ceas.org.pe\/index.php\/wp-json\/wp\/v2\/posts\/2400","targetHints":{"allow":["GET"]}}],"collection":[{"href":"https:\/\/ceas.org.pe\/index.php\/wp-json\/wp\/v2\/posts"}],"about":[{"href":"https:\/\/ceas.org.pe\/index.php\/wp-json\/wp\/v2\/types\/post"}],"author":[{"embeddable":true,"href":"https:\/\/ceas.org.pe\/index.php\/wp-json\/wp\/v2\/users\/1"}],"replies":[{"embeddable":true,"href":"https:\/\/ceas.org.pe\/index.php\/wp-json\/wp\/v2\/comments?post=2400"}],"version-history":[{"count":1,"href":"https:\/\/ceas.org.pe\/index.php\/wp-json\/wp\/v2\/posts\/2400\/revisions"}],"predecessor-version":[{"id":6818,"href":"https:\/\/ceas.org.pe\/index.php\/wp-json\/wp\/v2\/posts\/2400\/revisions\/6818"}],"wp:featuredmedia":[{"embeddable":true,"href":"https:\/\/ceas.org.pe\/index.php\/wp-json\/wp\/v2\/media\/7905"}],"wp:attachment":[{"href":"https:\/\/ceas.org.pe\/index.php\/wp-json\/wp\/v2\/media?parent=2400"}],"wp:term":[{"taxonomy":"category","embeddable":true,"href":"https:\/\/ceas.org.pe\/index.php\/wp-json\/wp\/v2\/categories?post=2400"},{"taxonomy":"post_tag","embeddable":true,"href":"https:\/\/ceas.org.pe\/index.php\/wp-json\/wp\/v2\/tags?post=2400"}],"curies":[{"name":"wp","href":"https:\/\/api.w.org\/{rel}","templated":true}]}}