{"id":2398,"date":"2015-07-06T12:18:32","date_gmt":"2015-07-06T12:18:32","guid":{"rendered":""},"modified":"2026-03-11T09:12:12","modified_gmt":"2026-03-11T14:12:12","slug":"xxiv-semana-nacional-de-liturgia","status":"publish","type":"post","link":"https:\/\/ceas.org.pe\/index.php\/2015\/07\/06\/xxiv-semana-nacional-de-liturgia\/","title":{"rendered":"XXIV Semana Nacional de Liturgia"},"content":{"rendered":"<div>Esta semana, la Comisi\u00f3n Episcopal de Liturgia, inicio la convocatoria para participar en la XXIV Semana Nacional de Liturgia. Este encuentro culmina hoy., en el Colegio de Jes\u00fas, en Pueblo Libre en Lima.\u00a0<\/div>\n<div>\u00a0<\/div>\n<div>En esta edici\u00f3n, se contar\u00e1 con la ponencia del Padre Manuel Fanjul, Licenciado en Teolog\u00eda Lit\u00fargica por la Universidad Eclesi\u00e1stica de San D\u00e1maso de Madrid, Profesor de Liturgia de esa misma casa de estudios y Director General de Publicaciones de la Conferencia Episcopal Espa\u00f1ola, quien tendr\u00e1 a su cargo el tema: \u201cEl Ars Celebrandi, la mejor Definici\u00f3n para Glorificar a Dios en el Misterio de Cristo\u201d. (Fuente: CEP)<\/div>\n<div>\u00a0<\/div>\n<p><a href=\"http:\/\/web.hilo.org.pe\/wp-content\/uploads\/semana_liturgia.jpg\" target=\"_blank\" rel=\"noopener\">Ver archivo adjunto<\/a><\/p>\n","protected":false},"excerpt":{"rendered":"<p>Esta semana, la Comisi?n Episcopal de Liturgia, inicio la convocatoria para participar en la XXIV Semana Nacional de Liturgia. Este encuentro culmina hoy., en el Colegio de Jes?s, en Pueblo Libre en Lima.<\/p>\n","protected":false},"author":1,"featured_media":8071,"comment_status":"closed","ping_status":"closed","sticky":false,"template":"","format":"standard","meta":{"footnotes":""},"categories":[9],"tags":[],"class_list":["post-2398","post","type-post","status-publish","format-standard","has-post-thumbnail","hentry","category-noticias"],"_links":{"self":[{"href":"https:\/\/ceas.org.pe\/index.php\/wp-json\/wp\/v2\/posts\/2398","targetHints":{"allow":["GET"]}}],"collection":[{"href":"https:\/\/ceas.org.pe\/index.php\/wp-json\/wp\/v2\/posts"}],"about":[{"href":"https:\/\/ceas.org.pe\/index.php\/wp-json\/wp\/v2\/types\/post"}],"author":[{"embeddable":true,"href":"https:\/\/ceas.org.pe\/index.php\/wp-json\/wp\/v2\/users\/1"}],"replies":[{"embeddable":true,"href":"https:\/\/ceas.org.pe\/index.php\/wp-json\/wp\/v2\/comments?post=2398"}],"version-history":[{"count":1,"href":"https:\/\/ceas.org.pe\/index.php\/wp-json\/wp\/v2\/posts\/2398\/revisions"}],"predecessor-version":[{"id":6820,"href":"https:\/\/ceas.org.pe\/index.php\/wp-json\/wp\/v2\/posts\/2398\/revisions\/6820"}],"wp:featuredmedia":[{"embeddable":true,"href":"https:\/\/ceas.org.pe\/index.php\/wp-json\/wp\/v2\/media\/8071"}],"wp:attachment":[{"href":"https:\/\/ceas.org.pe\/index.php\/wp-json\/wp\/v2\/media?parent=2398"}],"wp:term":[{"taxonomy":"category","embeddable":true,"href":"https:\/\/ceas.org.pe\/index.php\/wp-json\/wp\/v2\/categories?post=2398"},{"taxonomy":"post_tag","embeddable":true,"href":"https:\/\/ceas.org.pe\/index.php\/wp-json\/wp\/v2\/tags?post=2398"}],"curies":[{"name":"wp","href":"https:\/\/api.w.org\/{rel}","templated":true}]}}