{"id":2397,"date":"2015-07-06T12:16:38","date_gmt":"2015-07-06T12:16:38","guid":{"rendered":""},"modified":"2026-03-11T09:12:12","modified_gmt":"2026-03-11T14:12:12","slug":"ii-encuentro-de-rectores-de-santuarios-en-tarma","status":"publish","type":"post","link":"https:\/\/ceas.org.pe\/index.php\/2015\/07\/06\/ii-encuentro-de-rectores-de-santuarios-en-tarma\/","title":{"rendered":"II Encuentro de Rectores de Santuarios en Tarma"},"content":{"rendered":"<div>Del 6 al 9 de julio se realizar\u00e1 en la ciudad de Tarma el II Encuentro de Rectores de Santuarios y Animadores de la Piedad Popular. \u201cAntropolog\u00eda y piedad popular\u201d ser\u00e1 el tema de este evento convocado por la Comisi\u00f3n Episcopal de Misi\u00f3n y Espiritualidad de la Conferencia Episcopal Peruana, y que se realizar\u00e1 en el Centro Pastoral \u201cSan Mart\u00edn de Porres\u201d, en la Di\u00f3cesis de Tarma.<\/div>\n<div>\u00a0<\/div>\n<div>El objetivo del evento es compartir las orientaciones sobre la piedad popular que nos ofrece la Iglesia, con el aporte de las ciencias humanas, a fin de lograr criterios pastorales compartidos, que vayan ubicando la piedad popular como lugar calificado de la Nueva Evangelizaci\u00f3n. (Fuente: CEP)<\/div>\n<div>\u00a0<\/div>\n<p><a href=\"http:\/\/web.hilo.org.pe\/wp-content\/uploads\/20150706_Encuentrorectores.jpg\" target=\"_blank\" rel=\"noopener\">Ver archivo adjunto<\/a><\/p>\n","protected":false},"excerpt":{"rendered":"<p>Del 6 al 9 de julio se realizar? en la ciudad de Tarma el II Encuentro de Rectores de Santuarios y Animadores de la Piedad Popular. ?Antropolog?a y piedad popular? ser? el tema de este evento convocado por la Comisi?n Episcopal de Misi?n y Espiritualidad de la Conferencia Episcopal Peruana, y que se realizar? en el Centro Pastoral ?San Mart?n de Porres?, en la Di?cesis de Tarma.<\/p>\n","protected":false},"author":1,"featured_media":7862,"comment_status":"closed","ping_status":"closed","sticky":false,"template":"","format":"standard","meta":{"footnotes":""},"categories":[9],"tags":[],"class_list":["post-2397","post","type-post","status-publish","format-standard","has-post-thumbnail","hentry","category-noticias"],"_links":{"self":[{"href":"https:\/\/ceas.org.pe\/index.php\/wp-json\/wp\/v2\/posts\/2397","targetHints":{"allow":["GET"]}}],"collection":[{"href":"https:\/\/ceas.org.pe\/index.php\/wp-json\/wp\/v2\/posts"}],"about":[{"href":"https:\/\/ceas.org.pe\/index.php\/wp-json\/wp\/v2\/types\/post"}],"author":[{"embeddable":true,"href":"https:\/\/ceas.org.pe\/index.php\/wp-json\/wp\/v2\/users\/1"}],"replies":[{"embeddable":true,"href":"https:\/\/ceas.org.pe\/index.php\/wp-json\/wp\/v2\/comments?post=2397"}],"version-history":[{"count":1,"href":"https:\/\/ceas.org.pe\/index.php\/wp-json\/wp\/v2\/posts\/2397\/revisions"}],"predecessor-version":[{"id":6821,"href":"https:\/\/ceas.org.pe\/index.php\/wp-json\/wp\/v2\/posts\/2397\/revisions\/6821"}],"wp:featuredmedia":[{"embeddable":true,"href":"https:\/\/ceas.org.pe\/index.php\/wp-json\/wp\/v2\/media\/7862"}],"wp:attachment":[{"href":"https:\/\/ceas.org.pe\/index.php\/wp-json\/wp\/v2\/media?parent=2397"}],"wp:term":[{"taxonomy":"category","embeddable":true,"href":"https:\/\/ceas.org.pe\/index.php\/wp-json\/wp\/v2\/categories?post=2397"},{"taxonomy":"post_tag","embeddable":true,"href":"https:\/\/ceas.org.pe\/index.php\/wp-json\/wp\/v2\/tags?post=2397"}],"curies":[{"name":"wp","href":"https:\/\/api.w.org\/{rel}","templated":true}]}}