{"id":2396,"date":"2015-07-06T12:14:26","date_gmt":"2015-07-06T12:14:26","guid":{"rendered":""},"modified":"2026-03-11T09:12:12","modified_gmt":"2026-03-11T14:12:12","slug":"ondec-saluda-a-los-profesores-en-su-doa","status":"publish","type":"post","link":"https:\/\/ceas.org.pe\/index.php\/2015\/07\/06\/ondec-saluda-a-los-profesores-en-su-doa\/","title":{"rendered":"ONDEC saluda a los profesores en su d\u00f3a"},"content":{"rendered":"<div>Al celebrarse este 6 de julio el \u201cD\u00eda del Maestro\u201d la Oficina Nacional de Educaci\u00f3n Cat\u00f3lica \u2013 ONDEC, envi\u00f3 su saludo a todos los docentes peruanos y los invita a recordar en primer lugar a Jes\u00fas de Nazaret, maestro por excelencia, quien revela la vocaci\u00f3n y la raz\u00f3n de ser maestro.<\/div>\n<div>\u00a0<\/div>\n<div>En su saludo, la ONDEC reconoce y felicita a todos los docentes que se encuentra en la ciudad, centros rurales, en las instituciones educativas m\u00e1s peque\u00f1as o grandes, bajo condiciones favorables o adversas, as\u00ed como los que forman a otros maestros en institutos, escuela y universidades de todo el pa\u00eds. \u201cSea cual fuere el lugar y las condiciones donde se encuentre, siempre dejar\u00e1 una huella imborrable de su ser persona en la vida de cada estudiante. Bienaventurado aquel maestro que hace que su vida sea un Evangelio vivo para los dem\u00e1s\u201d.<\/div>\n<div>\u00a0\u00a0<\/div>\n<div>En el contexto de esta celebraci\u00f3n, la ONDEC recuerda las palabras de Don Bosco, quien dijo \u201cHay que educar con amor, para formar buenos cristianos que sean horados ciudadanos\u201d.\u00a0<\/div>\n<div>\u00a0<\/div>\n<div>\u201cNo olvidemos que los primeros maestros son los padres de familia y que la escuela con su claustro de maestros colabora, en esa educaci\u00f3n en valores y en todas las disciplinas del saber humano\u201d.<\/div>\n<div>\u00a0<\/div>\n<div>\u201cLa Oficina Nacional de Educaci\u00f3n Cat\u00f3lica, organismo de la Comisi\u00f3n Episcopal de Cultura y Educaci\u00f3n de la Conferencia Episcopal Peruana, desea que este 6 de julio de 2015, sea una fecha para recordar a los que partieron y honrar en vida, a aquellos buenos maestros comprometidos con su pa\u00eds, con los que menos saben y con los que menos tienen, aquellos que en el servicio a la Iglesia y a la educaci\u00f3n se han convertido en disc\u00edpulos de Jesucristo y testigos de su Reino\u201d, dice el saludo. (Fuente: CEP)<\/div>\n<p><a href=\"http:\/\/web.hilo.org.pe\/wp-content\/uploads\/logo ONDEC.png\" target=\"_blank\" rel=\"noopener\">Ver archivo adjunto<\/a><\/p>\n","protected":false},"excerpt":{"rendered":"<p>Al celebrarse este 6 de julio el ?D?a del Maestro? la Oficina Nacional de Educaci?n Cat?lica ? ONDEC, envi? su saludo a todos los docentes peruanos y los invita a recordar en primer lugar a Jes?s de Nazaret, maestro por excelencia, quien revela la vocaci?n y la raz?n de ser maestro.<\/p>\n","protected":false},"author":1,"featured_media":7848,"comment_status":"closed","ping_status":"closed","sticky":false,"template":"","format":"standard","meta":{"footnotes":""},"categories":[9],"tags":[],"class_list":["post-2396","post","type-post","status-publish","format-standard","has-post-thumbnail","hentry","category-noticias"],"_links":{"self":[{"href":"https:\/\/ceas.org.pe\/index.php\/wp-json\/wp\/v2\/posts\/2396","targetHints":{"allow":["GET"]}}],"collection":[{"href":"https:\/\/ceas.org.pe\/index.php\/wp-json\/wp\/v2\/posts"}],"about":[{"href":"https:\/\/ceas.org.pe\/index.php\/wp-json\/wp\/v2\/types\/post"}],"author":[{"embeddable":true,"href":"https:\/\/ceas.org.pe\/index.php\/wp-json\/wp\/v2\/users\/1"}],"replies":[{"embeddable":true,"href":"https:\/\/ceas.org.pe\/index.php\/wp-json\/wp\/v2\/comments?post=2396"}],"version-history":[{"count":1,"href":"https:\/\/ceas.org.pe\/index.php\/wp-json\/wp\/v2\/posts\/2396\/revisions"}],"predecessor-version":[{"id":6822,"href":"https:\/\/ceas.org.pe\/index.php\/wp-json\/wp\/v2\/posts\/2396\/revisions\/6822"}],"wp:featuredmedia":[{"embeddable":true,"href":"https:\/\/ceas.org.pe\/index.php\/wp-json\/wp\/v2\/media\/7848"}],"wp:attachment":[{"href":"https:\/\/ceas.org.pe\/index.php\/wp-json\/wp\/v2\/media?parent=2396"}],"wp:term":[{"taxonomy":"category","embeddable":true,"href":"https:\/\/ceas.org.pe\/index.php\/wp-json\/wp\/v2\/categories?post=2396"},{"taxonomy":"post_tag","embeddable":true,"href":"https:\/\/ceas.org.pe\/index.php\/wp-json\/wp\/v2\/tags?post=2396"}],"curies":[{"name":"wp","href":"https:\/\/api.w.org\/{rel}","templated":true}]}}