{"id":2386,"date":"2015-06-25T12:12:50","date_gmt":"2015-06-25T12:12:50","guid":{"rendered":""},"modified":"2026-03-11T09:12:12","modified_gmt":"2026-03-11T14:12:12","slug":"nombran-a-obispo-titular-del-vicariato-apostolico-de-puerto-maldonado","status":"publish","type":"post","link":"https:\/\/ceas.org.pe\/index.php\/2015\/06\/25\/nombran-a-obispo-titular-del-vicariato-apostolico-de-puerto-maldonado\/","title":{"rendered":"Nombran a Obispo titular del Vicariato Apost\u00f3lico de Puerto Maldonado"},"content":{"rendered":"<p>\u00a0El Papa ha nombrado Obispo titular del Vicariato Apost\u00f3lico de Puerto Maldonado (Per\u00fa) a fr. David Mart\u00ednez de Aguirre Guinea, O.P.<\/p>\n<p>Mons. David, que fue nombrado obispo coadjutor en 2014, sustituye en el cargo a Mons. Francisco Gonz\u00e1lez O.P., quien renuncia por motivos de salud.<\/p>\n<p>Fr. David Mart\u00ednez de Aguirre Guinea, O.P. naci\u00f3 el 10 de enero de 1970 en Vitoria-Gasteiz (Espa\u00f1a). Despu\u00e9s de los estudios primarios y secundarios en la Escuela Marianista Santa Mar\u00eda Ikastetxea de Vitoria-Gasteiz, estudi\u00f3 en el Instituto Superior de Filosof\u00eda de Valladolid (1993-1995) y posteriormente en la Facultad de Teolog\u00eda de San Esteban en Salamanca (1995-1998). Se licenci\u00f3 en Teolog\u00eda B\u00edblica en la Universidad de Deusto en Bilbao, y realiz\u00f3 un curso en la Escuela B\u00edblica y Arqueol\u00f3gica de los dominicos en Jerusal\u00e9n (1998-2000).<\/p>\n<p>Hizo la profesi\u00f3n solemne el 18 de septiembre de 1993. Fue ordenado sacerdote el 11 de diciembre de 1999 y su primer destino fue la Parroquia de la Encarnaci\u00f3n (Bilbao).<\/p>\n<p>En el a\u00f1o 2000 se traslad\u00f3 a Per\u00fa para cumplir su sue\u00f1o de trabajar como misionero en la Selva Amaz\u00f3nica. Su primer trabajo all\u00ed lo desempe\u00f1o en la misi\u00f3n de San Jos\u00e9 de Koribeni, del Vicariato Apost\u00f3lico de Puerto Maldonado, y como profesor de Teolog\u00eda B\u00edblica en el Seminario de dicho Vicariato.<\/p>\n<p>Desde 2001 hasta noviembre de 2014 estaba a cargo de la misi\u00f3n de Kirigueti y desde 2004 era consejero del Vicariato Regional Santa Rosa de Lima.<\/p>\n<p>En los \u00faltimos cuatro a\u00f1os, fr. David compagin\u00f3 esos cargos con otros como responsable de la misi\u00f3n San Pedro M\u00e1rtir de Timp\u00eda y miembro del directorio del centro cultural Jos\u00e9 P\u00edo Aza, en la ciudad de Lima. En noviembre del a\u00f1o pasado fue nombrado obispo coadjutor y durante estos \u00faltimos meses ha ayudado a Mons. Francisco en el gobierno pastoral.<\/p>\n<p>Mons. David tiene a su cargo una inmensa zona de la Amazon\u00eda peruana, con no mucha poblaci\u00f3n, viviendo muchas veces en zonas a las que resulta dif\u00edcil acceder, y de distintas etnias y lenguas, lo que supone un reto para continuar la evangelizaci\u00f3n y consolidaci\u00f3n de la Iglesia en ese lugar. Son retos que a Mons. David no le resultan nuevos porque lleva trabajando en el Vicariato desde hace 15 a\u00f1os, viviendo en una de las zonas de m\u00e1s dif\u00edcil acceso.<\/p>\n<p>Su antecesor, Mons. Francisco Gonz\u00e1lez O.P., ha desempe\u00f1ado su labor como obispo del Vicariato durante siete a\u00f1os, desde el 2 de febrero de 2008. Durante este tiempo se ha dedicado con entrega a la atenci\u00f3n pastoral de los pueblos de esta zona de la Selva Amaz\u00f3nica del Per\u00fa.\u00a0<\/p>\n<p>Fuente: op.org<\/p>\n<p><a href=\"http:\/\/web.hilo.org.pe\/wp-content\/uploads\/Obispotitularvicariato.jpg\" target=\"_blank\" rel=\"noopener\">Ver archivo adjunto<\/a><\/p>\n","protected":false},"excerpt":{"rendered":"<p>El Papa ha nombrado Obispo titular del Vicariato Apost?lico de Puerto Maldonado (Per?) a fr. David Mart?nez de Aguirre Guinea, O.P.<\/p>\n","protected":false},"author":1,"featured_media":7884,"comment_status":"closed","ping_status":"closed","sticky":false,"template":"","format":"standard","meta":{"footnotes":""},"categories":[9],"tags":[],"class_list":["post-2386","post","type-post","status-publish","format-standard","has-post-thumbnail","hentry","category-noticias"],"_links":{"self":[{"href":"https:\/\/ceas.org.pe\/index.php\/wp-json\/wp\/v2\/posts\/2386","targetHints":{"allow":["GET"]}}],"collection":[{"href":"https:\/\/ceas.org.pe\/index.php\/wp-json\/wp\/v2\/posts"}],"about":[{"href":"https:\/\/ceas.org.pe\/index.php\/wp-json\/wp\/v2\/types\/post"}],"author":[{"embeddable":true,"href":"https:\/\/ceas.org.pe\/index.php\/wp-json\/wp\/v2\/users\/1"}],"replies":[{"embeddable":true,"href":"https:\/\/ceas.org.pe\/index.php\/wp-json\/wp\/v2\/comments?post=2386"}],"version-history":[{"count":1,"href":"https:\/\/ceas.org.pe\/index.php\/wp-json\/wp\/v2\/posts\/2386\/revisions"}],"predecessor-version":[{"id":6832,"href":"https:\/\/ceas.org.pe\/index.php\/wp-json\/wp\/v2\/posts\/2386\/revisions\/6832"}],"wp:featuredmedia":[{"embeddable":true,"href":"https:\/\/ceas.org.pe\/index.php\/wp-json\/wp\/v2\/media\/7884"}],"wp:attachment":[{"href":"https:\/\/ceas.org.pe\/index.php\/wp-json\/wp\/v2\/media?parent=2386"}],"wp:term":[{"taxonomy":"category","embeddable":true,"href":"https:\/\/ceas.org.pe\/index.php\/wp-json\/wp\/v2\/categories?post=2386"},{"taxonomy":"post_tag","embeddable":true,"href":"https:\/\/ceas.org.pe\/index.php\/wp-json\/wp\/v2\/tags?post=2386"}],"curies":[{"name":"wp","href":"https:\/\/api.w.org\/{rel}","templated":true}]}}