{"id":2385,"date":"2015-06-25T12:08:56","date_gmt":"2015-06-25T12:08:56","guid":{"rendered":""},"modified":"2026-03-11T09:12:12","modified_gmt":"2026-03-11T14:12:12","slug":"ministerio-de-la-mujer-firma-convenio-que-beneficiaro-a-3-millones-de-adultos-mayores","status":"publish","type":"post","link":"https:\/\/ceas.org.pe\/index.php\/2015\/06\/25\/ministerio-de-la-mujer-firma-convenio-que-beneficiaro-a-3-millones-de-adultos-mayores\/","title":{"rendered":"Ministerio de la Mujer firma convenio que beneficiar\u00f3 a 3 millones de adultos mayores"},"content":{"rendered":"<p>El Ministerio de la mujer y poblaciones vulnerables (MIMP) y la Organizaci\u00f3n iberoamericana de seguridad social (OISS) suscribieron hoy un convenio para implementar en el pa\u00eds la sede del Centro Iberoamericano de Autonom\u00eda personal y ayudas t\u00e9cnicas que beneficiar\u00e1 a las personas con discapacidad y personas adultas mayores.<\/p>\n<div>\u00a0<\/div>\n<div>Seg\u00fan el Instituto Nacional de Estad\u00edsticas e Inform\u00e1tica -INEI, actualmente el Per\u00fa se encuentra en una etapa de envejecimiento moderado de su poblaci\u00f3n, por lo que este convenio ser\u00e1 importante para m\u00e1s de 3 millones de adultos mayores, que presenta casi el 10 por ciento de la poblaci\u00f3n peruana.<\/div>\n<div>\u00a0<\/div>\n<div>Alrededor del 38 % de hogares tiene al menos una persona de 60 a\u00f1os a m\u00e1s; con diferencias en el \u00e1rea rural, 40,6 % de hogares, y en el \u00e1rea urbana, 34,4 % de hogares.<\/div>\n<div>\u00a0<\/div>\n<div>\u201cDebemos orientar el rumbo de las acciones dirigidas a atender las nuevas necesidades de la poblaci\u00f3n adulta mayor, a trav\u00e9s de la implementaci\u00f3n y adecuaci\u00f3n de pol\u00edticas, con un enfoque de derechos humanos, con la finalidad de fortalecer el ejercicio de sus derechos, en especial el derecho a la autonom\u00eda e independencia\u201d, expres\u00f3 la titular del MIMP, Marcela Huaita.<\/div>\n<div>\u00a0\u00a0<\/div>\n<div>Asimismo, indic\u00f3 que a la fecha el MIMP trabaja en la mejora de servicios de cuidado para las personas adultas mayores, a trav\u00e9s de los centros de d\u00eda, centros de noche y residenciales, los cuales se implementar\u00e1n por los programas nacionales de INABIF y \u00abVida digna\u00bb del MIMP a partir del 2016.<\/div>\n<div>\u00a0<\/div>\n<div>M\u00e1s datos<\/div>\n<div>\u00a0<\/div>\n<div>La OISS es un organismo internacional, t\u00e9cnico y especializado, con sede en Espa\u00f1a, cuyo objetivo es promover el bienestar econ\u00f3mico y social de los pa\u00edses iberoamericanos mediante la coordinaci\u00f3n, intercambio y aprovechamiento de sus experiencias mutuas en seguridad y protecci\u00f3n social.<\/div>\n<div>\u00a0<\/div>\n<div>Su representante, Gina Ria\u00f1o, se\u00f1al\u00f3 que el 15 \u00a0por ciento de la poblaci\u00f3n de Iberoam\u00e9rica es mayor de 65 a\u00f1os, por lo que las pol\u00edticas que se formulen mejorar\u00e1n su calidad de vida y contribuir\u00e1n al crecimiento econ\u00f3mico y social de los pa\u00edses que habitan.<\/div>\n<div>\u00a0<\/div>\n<div>A la firma del convenio asisti\u00f3 adem\u00e1s el viceministro de Poblaciones Vulnerables, Fernando Bola\u00f1os; la Directora General de Familia y Comunidad, Teresa Hern\u00e1ndez, la Directora de la Direcci\u00f3n de Personas Adultas Mayores del MIMP, Elba Espinoza y el Director \u00a0Ejecutivo del Programa Nacional INABIF, Marco Alegre.<\/div>\n<div>\u00a0<\/div>\n<div>(FIN) LFP\/ASH<\/div>\n<div>\u00a0<\/div>\n<div>Fuente: andina.com.pe<\/div>\n<p><a href=\"http:\/\/web.hilo.org.pe\/wp-content\/uploads\/adultosmayores.jpg\" target=\"_blank\" rel=\"noopener\">Ver archivo adjunto<\/a><\/p>\n","protected":false},"excerpt":{"rendered":"<p>El Ministerio de la mujer y poblaciones vulnerables (MIMP) y la Organizaci?n iberoamericana de seguridad social (OISS) suscribieron hoy un convenio para implementar en el pa?s la sede del Centro Iberoamericano de Autonom?a personal y ayudas t?cnicas que beneficiar? a las personas con discapacidad y personas adultas mayores.<\/p>\n","protected":false},"author":1,"featured_media":7901,"comment_status":"closed","ping_status":"closed","sticky":false,"template":"","format":"standard","meta":{"footnotes":""},"categories":[9],"tags":[],"class_list":["post-2385","post","type-post","status-publish","format-standard","has-post-thumbnail","hentry","category-noticias"],"_links":{"self":[{"href":"https:\/\/ceas.org.pe\/index.php\/wp-json\/wp\/v2\/posts\/2385","targetHints":{"allow":["GET"]}}],"collection":[{"href":"https:\/\/ceas.org.pe\/index.php\/wp-json\/wp\/v2\/posts"}],"about":[{"href":"https:\/\/ceas.org.pe\/index.php\/wp-json\/wp\/v2\/types\/post"}],"author":[{"embeddable":true,"href":"https:\/\/ceas.org.pe\/index.php\/wp-json\/wp\/v2\/users\/1"}],"replies":[{"embeddable":true,"href":"https:\/\/ceas.org.pe\/index.php\/wp-json\/wp\/v2\/comments?post=2385"}],"version-history":[{"count":1,"href":"https:\/\/ceas.org.pe\/index.php\/wp-json\/wp\/v2\/posts\/2385\/revisions"}],"predecessor-version":[{"id":6833,"href":"https:\/\/ceas.org.pe\/index.php\/wp-json\/wp\/v2\/posts\/2385\/revisions\/6833"}],"wp:featuredmedia":[{"embeddable":true,"href":"https:\/\/ceas.org.pe\/index.php\/wp-json\/wp\/v2\/media\/7901"}],"wp:attachment":[{"href":"https:\/\/ceas.org.pe\/index.php\/wp-json\/wp\/v2\/media?parent=2385"}],"wp:term":[{"taxonomy":"category","embeddable":true,"href":"https:\/\/ceas.org.pe\/index.php\/wp-json\/wp\/v2\/categories?post=2385"},{"taxonomy":"post_tag","embeddable":true,"href":"https:\/\/ceas.org.pe\/index.php\/wp-json\/wp\/v2\/tags?post=2385"}],"curies":[{"name":"wp","href":"https:\/\/api.w.org\/{rel}","templated":true}]}}