{"id":2380,"date":"2015-06-22T12:25:00","date_gmt":"2015-06-22T12:25:00","guid":{"rendered":""},"modified":"2026-03-11T09:12:12","modified_gmt":"2026-03-11T14:12:12","slug":"mons-fortunato-pablo-comenta-nueva-encoclica-de-francisco","status":"publish","type":"post","link":"https:\/\/ceas.org.pe\/index.php\/2015\/06\/22\/mons-fortunato-pablo-comenta-nueva-encoclica-de-francisco\/","title":{"rendered":"Mons. Fortunato Pablo comenta nueva enc\u00f3clica de Francisco"},"content":{"rendered":"<p>Con enorme alegr\u00eda recibieron los obispos peruanos la Carta Enc\u00edclica \u00abLaudato Si\u00bb del papa Francisco, pues perciben que desde el Santo Padre Francisco, la Iglesia se manifiesta presente, frente a la preocupaci\u00f3n por el cuidado de la casa com\u00fan.<\/p>\n<p>En una entrevista con la Coordinadora Nacional de Radio, CNR, el Obispo Prelado de Chota y Secretario General de la Conferencia Episcopal Peruana, Monse\u00f1or Fortunato Pablo, coment\u00f3 que \u00abdebemos cuidar la casa com\u00fan y a los m\u00e1s fr\u00e1giles.<\/p>\n<p>Explic\u00f3 que en la Conferencia Episcopal vienen analizando poco a poco cada una de las 191 p\u00e1ginas, pero que los primeros comentarios de los Obispos en ese sentido son motivo de gran alegr\u00eda. \u00a0<\/p>\n<div>Seg\u00fan agrega, los obispos est\u00e1n reflexionando y pregunt\u00e1ndose sobre el sentido y la existencia de la vida social, de la vida del hombre en convivencia y el dominio positivo de la tierra, de la naturaleza, reconociendo el valor propio de cada criatura, sus derechos y compromisos por preservar el don de la vida, con el cuidado de la creaci\u00f3n.<\/div>\n<div>\u00a0<\/div>\n<div><a href=\"http:\/\/184.107.171.115\/noticias\/entrevista-debemos-cuidar-la-casa-comun-y-a-los-mas-fragiles-resalta-monsenor-fortunato-pablo-secretario-general-de-la-conferencia-episcopal-con-motivo-de-la-enciclica-laudato-si-del-pa\/attachment\/peru-monsenor-fortunato-pablo-sect-general-cep\" target=\"_blank\">Aqu\u00ed puede escuchar la entrevista con Monse\u00f1or Fortunato Pablo Urcey (Duraci\u00f3n 10 minutos)<\/a><\/div>\n<div>\u00a0<\/div>\n<div>Fuente: CNR \u00a0JEMM \u00a0www.cnr.org.pe<\/div>\n<p>\u00a0<\/p>\n<p><a href=\"http:\/\/web.hilo.org.pe\/wp-content\/uploads\/Fortunato.jpg\" target=\"_blank\" rel=\"noopener\">Ver archivo adjunto<\/a><\/p>\n","protected":false},"excerpt":{"rendered":"<p>Con enorme alegr?a recibieron los obispos peruanos la Carta Enc?clica \u00abLaudato Si \u00bb del papa Francisco, pues perciben que desde el Santo Padre Francisco, la Iglesia se manifiesta presente, frente a la preocupaci?n por el cuidado de la casa com?n.<\/p>\n","protected":false},"author":1,"featured_media":7855,"comment_status":"closed","ping_status":"closed","sticky":false,"template":"","format":"standard","meta":{"footnotes":""},"categories":[9],"tags":[],"class_list":["post-2380","post","type-post","status-publish","format-standard","has-post-thumbnail","hentry","category-noticias"],"_links":{"self":[{"href":"https:\/\/ceas.org.pe\/index.php\/wp-json\/wp\/v2\/posts\/2380","targetHints":{"allow":["GET"]}}],"collection":[{"href":"https:\/\/ceas.org.pe\/index.php\/wp-json\/wp\/v2\/posts"}],"about":[{"href":"https:\/\/ceas.org.pe\/index.php\/wp-json\/wp\/v2\/types\/post"}],"author":[{"embeddable":true,"href":"https:\/\/ceas.org.pe\/index.php\/wp-json\/wp\/v2\/users\/1"}],"replies":[{"embeddable":true,"href":"https:\/\/ceas.org.pe\/index.php\/wp-json\/wp\/v2\/comments?post=2380"}],"version-history":[{"count":1,"href":"https:\/\/ceas.org.pe\/index.php\/wp-json\/wp\/v2\/posts\/2380\/revisions"}],"predecessor-version":[{"id":6838,"href":"https:\/\/ceas.org.pe\/index.php\/wp-json\/wp\/v2\/posts\/2380\/revisions\/6838"}],"wp:featuredmedia":[{"embeddable":true,"href":"https:\/\/ceas.org.pe\/index.php\/wp-json\/wp\/v2\/media\/7855"}],"wp:attachment":[{"href":"https:\/\/ceas.org.pe\/index.php\/wp-json\/wp\/v2\/media?parent=2380"}],"wp:term":[{"taxonomy":"category","embeddable":true,"href":"https:\/\/ceas.org.pe\/index.php\/wp-json\/wp\/v2\/categories?post=2380"},{"taxonomy":"post_tag","embeddable":true,"href":"https:\/\/ceas.org.pe\/index.php\/wp-json\/wp\/v2\/tags?post=2380"}],"curies":[{"name":"wp","href":"https:\/\/api.w.org\/{rel}","templated":true}]}}