{"id":2376,"date":"2015-06-18T13:00:30","date_gmt":"2015-06-18T13:00:30","guid":{"rendered":""},"modified":"2026-03-11T09:12:12","modified_gmt":"2026-03-11T14:12:12","slug":"nueva-encoclica-de-francisco-habla-de-un-nuevo-paradigma-de-justicia","status":"publish","type":"post","link":"https:\/\/ceas.org.pe\/index.php\/2015\/06\/18\/nueva-encoclica-de-francisco-habla-de-un-nuevo-paradigma-de-justicia\/","title":{"rendered":"Nueva enc\u00f3clica de Francisco habla de un nuevo paradigma de justicia"},"content":{"rendered":"<p>(RV)-. \u201cLaudato si\u201d. Hoy ha sido presentada ante los medios de comunicaci\u00f3n la Enc\u00edclica de Papa Francisco sobre el cuidado de la creaci\u00f3n. Como \u00e9l mismo inform\u00f3 p\u00fablicamente durante el \u00e1ngelus del 14 de junio y durante la audiencia general del pasado mi\u00e9rcoles, en este documento de la doctrina social de la Iglesia, se llama a cultivar y custodiar con responsabilidad la creaci\u00f3n, con especial atenci\u00f3n a los m\u00e1s pobres, que son los que m\u00e1s sufren las consecuencias de los da\u00f1os ambientales.<\/p>\n<p>Tambi\u00e9n el Papa Francisco antes de la publicaci\u00f3n oficial quiso informar a cada uno de los obispos a trav\u00e9s de una nota sobre la Enc\u00edclica, para que conocieran por anticipado su contenido y as\u00ed pudieran informar a los periodistas y fieles de sus di\u00f3cesis. En la nota se lee: \u201cQuerido hermano en el v\u00ednculo de la unidad, de la caridad y de la paz (LG 22) en el cual vivimos como obispos, te env\u00edo mi carta \u2018Laudato s\u00ed\u2019 sobre el cuidado de nuestra casa com\u00fan, acompa\u00f1ada por mi bendici\u00f3n. Unidos en el Se\u00f1or y, por favor, no te olvides de rezar por m\u00ed\u201d. Y es que las Conferencias Episcopales de los cinco continentes contribuyeron con aportes y propuestas en un esp\u00edritu de colegialidad en el documento.<\/p>\n<div>As\u00ed, lleg\u00f3 el momento de esta presentaci\u00f3n con tanta expectativa medi\u00e1tica, periodistas de diferentes pa\u00edses del mundo y diferentes personalidades acudieron esta ma\u00f1ana al aula Nueva del S\u00ednodo en el Vaticano para conocer \u00a0el documento \u201cLaudato si\u2019, sobre el cuidado de la casa com\u00fan\u201d. En la rueda de prensa participaron el cardenal Peter Turkson, Presidente del Pontificio Consejo Justicia y Paz, el Metropolitano de P\u00e9rgamo John Zizioulas en representaci\u00f3n del Patriarcado Ecum\u00e9nico y de la Iglesia Ortodoxa, el Prof. John Schellnhuber, Fundador y Director del Instituto de Potsdam para la Investigaci\u00f3n del Impacto Clim\u00e1tico, y Carolyn Woo, presidenta de Catholic Relief Services y Decana del Mendoza College of Business, University of Notre Dame, U.S.A.<\/div>\n<div>\u00a0<\/div>\n<div>Texto completo de la Enc\u00edclica \u00abLaudato si\u00bb<\/div>\n<div>\u00a0<\/div>\n<div><a href=\"http:\/\/w2.vatican.va\/content\/francesco\/es\/encyclicals\/documents\/papa-francesco_20150524_enciclica-laudato-si.html\" target=\"_blank\">http:\/\/w2.vatican.va\/content\/francesco\/es\/encyclicals\/documents\/papa-francesco_20150524_enciclica-laudato-si.html<\/a><\/div>\n<div>\u00a0<\/div>\n<div>Fuente:es.radiovaticana.va<\/div>\n<p><a href=\"http:\/\/web.hilo.org.pe\/wp-content\/uploads\/20150618_Encicilica.jpg\" target=\"_blank\" rel=\"noopener\">Ver archivo adjunto<\/a><\/p>\n","protected":false},"excerpt":{"rendered":"<p>(RV)-. ?Laudato si?. Hoy ha sido presentada ante los medios de comunicaci?n la Enc?clica de Papa Francisco sobre el cuidado de la creaci?n. Como ?l mismo inform? p?blicamente durante el ?ngelus del 14 de junio y durante la audiencia general del pasado mi?rcoles, en este documento de la doctrina social de la Iglesia, se llama a cultivar y custodiar con responsabilidad la creaci?n, con especial atenci?n a los m?s pobres, que son los que m?s sufren las consecuencias de los da?os ambientales.<\/p>\n","protected":false},"author":1,"featured_media":7855,"comment_status":"closed","ping_status":"closed","sticky":false,"template":"","format":"standard","meta":{"footnotes":""},"categories":[9],"tags":[],"class_list":["post-2376","post","type-post","status-publish","format-standard","has-post-thumbnail","hentry","category-noticias"],"_links":{"self":[{"href":"https:\/\/ceas.org.pe\/index.php\/wp-json\/wp\/v2\/posts\/2376","targetHints":{"allow":["GET"]}}],"collection":[{"href":"https:\/\/ceas.org.pe\/index.php\/wp-json\/wp\/v2\/posts"}],"about":[{"href":"https:\/\/ceas.org.pe\/index.php\/wp-json\/wp\/v2\/types\/post"}],"author":[{"embeddable":true,"href":"https:\/\/ceas.org.pe\/index.php\/wp-json\/wp\/v2\/users\/1"}],"replies":[{"embeddable":true,"href":"https:\/\/ceas.org.pe\/index.php\/wp-json\/wp\/v2\/comments?post=2376"}],"version-history":[{"count":1,"href":"https:\/\/ceas.org.pe\/index.php\/wp-json\/wp\/v2\/posts\/2376\/revisions"}],"predecessor-version":[{"id":6842,"href":"https:\/\/ceas.org.pe\/index.php\/wp-json\/wp\/v2\/posts\/2376\/revisions\/6842"}],"wp:featuredmedia":[{"embeddable":true,"href":"https:\/\/ceas.org.pe\/index.php\/wp-json\/wp\/v2\/media\/7855"}],"wp:attachment":[{"href":"https:\/\/ceas.org.pe\/index.php\/wp-json\/wp\/v2\/media?parent=2376"}],"wp:term":[{"taxonomy":"category","embeddable":true,"href":"https:\/\/ceas.org.pe\/index.php\/wp-json\/wp\/v2\/categories?post=2376"},{"taxonomy":"post_tag","embeddable":true,"href":"https:\/\/ceas.org.pe\/index.php\/wp-json\/wp\/v2\/tags?post=2376"}],"curies":[{"name":"wp","href":"https:\/\/api.w.org\/{rel}","templated":true}]}}