{"id":2375,"date":"2015-06-18T12:55:55","date_gmt":"2015-06-18T12:55:55","guid":{"rendered":""},"modified":"2026-03-11T09:12:12","modified_gmt":"2026-03-11T14:12:12","slug":"piden-al-ministerio-de-salud-creacion-de-la-direccion-de-discapacidad","status":"publish","type":"post","link":"https:\/\/ceas.org.pe\/index.php\/2015\/06\/18\/piden-al-ministerio-de-salud-creacion-de-la-direccion-de-discapacidad\/","title":{"rendered":"Piden al Ministerio de Salud creaci\u00f3n de la direcci\u00f3n de discapacidad"},"content":{"rendered":"<p>\u00a0La Mesa de Discapacidad y Derechos Humanos de la Coordinadora Nacional de Derechos Humanos, conformada por colectivos de personas con discapacidad y organizaciones de la sociedad civil, espera que el ministro de Salud, An\u00edbal Vel\u00e1squez Valdivia, reciba a sus integrantes, indic\u00f3 Madezha C\u00e9peda Baz\u00e1n, representante de la Organizaci\u00f3n Musas Inspiradoras de Cambio.<\/p>\n<div>\u00a0<\/div>\n<div>Fue al confirmar que hoy se reunir\u00e1n con las autoridades del Minsa para plantear la propuesta de creaci\u00f3n de una direcci\u00f3n de discapacidad y rehabilitaci\u00f3n, contemplada en la Octava Disposici\u00f3n Complementaria Final de la Ley 29973.<\/div>\n<div>\u00a0<\/div>\n<div>\u201cEsta ley, la Ley 29973 fue una iniciativa ciudadana por la que llegamos a recoger 130 mil firmas, [\u2026] y a fines del 2012, habiendo pasado dos a\u00f1os y medio, una de las cuestiones que todav\u00eda no se ha cumplido es la creaci\u00f3n de la Direcci\u00f3n de Discapacidad y Rehabilitaci\u00f3n en el Ministerio de Salud\u201d, dijo en el programa No Hay Derecho de Ideeleradio.<\/div>\n<div>\u00a0<\/div>\n<div>\u201cYa hemos hecho la solicitud de reunirnos con el ministro [a las 9 a.m.], ojal\u00e1 nos reciba. Vamos a estar acompa\u00f1ados por personas con discapacidad y sus familiares que son representantes de organizaciones que trabajan en la Mesa de Discapacidad y Derechos Humanos de la CNDDHH que van a acompa\u00f1arnos en esta acci\u00f3n inicial que lleva una propuesta\u201d, indic\u00f3.<\/div>\n<div>\u00a0<\/div>\n<div>Indic\u00f3 que esta direcci\u00f3n es muy importante porque al ser un \u00f3rgano de l\u00ednea podr\u00eda generar pol\u00edticas p\u00fablicas a favor de este sector de la poblaci\u00f3n, que abarca a mill\u00f3n y medio de personas que no pueden ejercer plenamente su derecho a la salud.<\/div>\n<div>\u00a0<\/div>\n<div>\u201cEsta direcci\u00f3n es muy importante porque las personas con discapacidad no solo requerimos rehabilitaci\u00f3n, sino que necesitamos ser atendidos al igual que cualquier otra ciudadana o ciudadano en los servicios de salud. Necesitamos ser atendidos adecuadamente por personal capacitado y, adem\u00e1s, en establecimientos accesibles\u201d, se\u00f1al\u00f3.<\/div>\n<div>\u00a0<\/div>\n<div>\u201cSe requiere en principio que esta direcci\u00f3n sea un \u00f3rgano de l\u00ednea, y siendo as\u00ed va a poder tener un presupuesto que es muy necesario para poder tener una serie de funciones, por ejemplo, poder capacitar al personal de salud, poder generar pol\u00edticas p\u00fablicas, y ver el tema del acceso a las medicinas, para hacer investigaci\u00f3n. No es como dicen funcionarios del Minsa que solo sea necesario que el Instituto Nacional de Rehabilitaci\u00f3n se encargue de estas cuestiones, pero no puede encargarse\u201d, asever\u00f3.<\/div>\n<div>\u00a0<\/div>\n<div><a href=\"http:\/\/idehpucp.pucp.edu.pe\/wp-content\/uploads\/2015\/06\/Propuesta-de-modificaci%C3%B3n-al-Reglamento-de-Organizaci%C3%B3n-y-Funciones-del-Ministerio-de-Salud.pdf\" target=\"_blank\">VER PROPUESTA<\/a><\/div>\n<div>\u00a0<\/div>\n<div>Fuente: Ideeleradio<\/div>\n<div>\u00a0<\/div>\n<div>\u00a0<\/div>\n<p><a href=\"http:\/\/web.hilo.org.pe\/wp-content\/uploads\/Discapacidad.jpg\" target=\"_blank\" rel=\"noopener\">Ver archivo adjunto<\/a><\/p>\n","protected":false},"excerpt":{"rendered":"<p>La Mesa de Discapacidad y Derechos Humanos de la Coordinadora Nacional de Derechos Humanos, conformada por colectivos de personas con discapacidad y organizaciones de la sociedad civil, espera que el ministro de Salud, An?bal Vel?squez Valdivia, reciba a sus integrantes, indic? Madezha C?peda Baz?n, representante de la Organizaci?n Musas Inspiradoras de Cambio.<\/p>\n","protected":false},"author":1,"featured_media":7958,"comment_status":"closed","ping_status":"closed","sticky":false,"template":"","format":"standard","meta":{"footnotes":""},"categories":[9],"tags":[],"class_list":["post-2375","post","type-post","status-publish","format-standard","has-post-thumbnail","hentry","category-noticias"],"_links":{"self":[{"href":"https:\/\/ceas.org.pe\/index.php\/wp-json\/wp\/v2\/posts\/2375","targetHints":{"allow":["GET"]}}],"collection":[{"href":"https:\/\/ceas.org.pe\/index.php\/wp-json\/wp\/v2\/posts"}],"about":[{"href":"https:\/\/ceas.org.pe\/index.php\/wp-json\/wp\/v2\/types\/post"}],"author":[{"embeddable":true,"href":"https:\/\/ceas.org.pe\/index.php\/wp-json\/wp\/v2\/users\/1"}],"replies":[{"embeddable":true,"href":"https:\/\/ceas.org.pe\/index.php\/wp-json\/wp\/v2\/comments?post=2375"}],"version-history":[{"count":1,"href":"https:\/\/ceas.org.pe\/index.php\/wp-json\/wp\/v2\/posts\/2375\/revisions"}],"predecessor-version":[{"id":6843,"href":"https:\/\/ceas.org.pe\/index.php\/wp-json\/wp\/v2\/posts\/2375\/revisions\/6843"}],"wp:featuredmedia":[{"embeddable":true,"href":"https:\/\/ceas.org.pe\/index.php\/wp-json\/wp\/v2\/media\/7958"}],"wp:attachment":[{"href":"https:\/\/ceas.org.pe\/index.php\/wp-json\/wp\/v2\/media?parent=2375"}],"wp:term":[{"taxonomy":"category","embeddable":true,"href":"https:\/\/ceas.org.pe\/index.php\/wp-json\/wp\/v2\/categories?post=2375"},{"taxonomy":"post_tag","embeddable":true,"href":"https:\/\/ceas.org.pe\/index.php\/wp-json\/wp\/v2\/tags?post=2375"}],"curies":[{"name":"wp","href":"https:\/\/api.w.org\/{rel}","templated":true}]}}