{"id":2374,"date":"2015-06-17T18:10:31","date_gmt":"2015-06-17T18:10:31","guid":{"rendered":""},"modified":"2026-03-11T09:12:12","modified_gmt":"2026-03-11T14:12:12","slug":"mensaje-de-los-obispos-del-pero-por-la-semana-del-migrante-y-su-familia","status":"publish","type":"post","link":"https:\/\/ceas.org.pe\/index.php\/2015\/06\/17\/mensaje-de-los-obispos-del-pero-por-la-semana-del-migrante-y-su-familia\/","title":{"rendered":"Mensaje de los Obispos del Per\u00f3 por la Semana del Migrante y su Familia"},"content":{"rendered":"<p>\u00a0El Santo Padre Francisco en su Mensaje para la 101 Jornada Mundial del Emigrante y el Refugiado 2015, ha propuesto como tema: \u00abUna Iglesia sin fronteras, madre de todos\u00bb; en su mensaje, el Papa recuerda y reafirma que \u00ab&#8230;la Iglesia abre sus brazos para acoger a todos los pueblos, sin discriminaciones y sin l\u00edmites, y para anunciar a todos que \u00abDios es amor\u00bb (1 Jn 4,8.16)\u00bb .<\/p>\n<div>\u00a0<\/div>\n<div>Esta acogida cristiana a los migrantes y anuncio del Evangelio, se debe realizar en medio del fen\u00f3meno de la globalizaci\u00f3n, donde la movilidad humana representa un gran desaf\u00edo para la sociedad y para la Iglesia peruana, ya que actualmente, son m\u00e1s de tres millones y medio de compatriotas que se encuentran fuera de nuestro pa\u00eds buscando un mejor futuro, traves\u00eda que muchas veces, se ve inmersa en m\u00faltiples dificultades, como lo se\u00f1ala el Papa en su Mensaje: \u00abDe hecho, en una \u00e9poca de tan vastas migraciones, un gran n\u00famero de personas deja sus lugares de origen y emprende el arriesgado viaje de la esperanza, con el equipaje lleno de deseos y de temores, a la b\u00fasqueda de condiciones de vida m\u00e1s humanas. No es extra\u00f1o, sin embargo, que estos movimientos migratorios susciten desconfianza y rechazo, tambi\u00e9n en las comunidades eclesiales, antes incluso de conocer las circunstancias de persecuci\u00f3n o de miseria de las personas afectadas. Esos recelos y prejuicios se oponen al mandamiento b\u00edblico de acoger con respeto y solidaridad al extranjero necesitado.\u00bb<\/div>\n<div>\u00a0<\/div>\n<div>Precisamente sobre este punto, el Papa nos llama a la conversi\u00f3n (Mc. 1,15), a un cambio que se traduzca en acciones concretas de acogida y solidaridad para los migrantes en nuestras comunidades eclesiales: \u00abLa Iglesia sin fronteras, madre de todos, extiende por el mundo la cultura de la acogida y de la solidaridad, seg\u00fan la cual nadie puede ser considerado in\u00fatil, fuera de lugar o descartable. Si vive realmente su maternidad, la comunidad cristiana alimenta, orienta e indica el camino, acompa\u00f1a con paciencia, se \u00a0hace cercana con la oraci\u00f3n y con las obras de misericordia.\u00bb<\/div>\n<div>\u00a0<\/div>\n<div>En un momento en el cual estamos siendo testigos de la muerte de miles de migrantes, en que las redes de trata y tr\u00e1fico de personas se extienden en diversos pa\u00edses, incluido el nuestro, estas \u00a0 \u00a0palabras del Santo Padre son un llamado urgente a los gobiernos del mundo para que revisen sus pol\u00edticas en materia migratoria teniendo en el centro de ellas a la persona humana y a cada persona a que pueda construir en su entorno \u00abla \u00abcultura del encuentro\u00bb, la \u00fanica capaz de construir un mundo m\u00e1s justo y fraterno \u00ab.<\/div>\n<div>\u00a0<\/div>\n<div>Compatriotas que se encuentran en los diversos pa\u00edses, les animamos a conservar su fe cristiana cat\u00f3lica y los ponemos bajo la protecci\u00f3n del Se\u00f1or de los Milagros, Patrono de los emigrantes peruanos. Queridos migrantes, sus hermanos, los Obispos del Per\u00fa les tienen siempre en su coraz\u00f3n y oraciones diarias.<\/div>\n<div>\u00a0<\/div>\n<div>Que Mar\u00eda, que acogi\u00f3 al Verbo de Dios, sea modelo de acogida y les conforte en su peregrinar.<\/div>\n<div>\u00a0<\/div>\n<div>En Cristo.<\/div>\n<p><a href=\"http:\/\/web.hilo.org.pe\/wp-content\/uploads\/conferenciaepiscopal.jpg\" target=\"_blank\" rel=\"noopener\">Ver archivo adjunto<\/a><\/p>\n","protected":false},"excerpt":{"rendered":"<p>El Santo Padre Francisco en su Mensaje para la 101 Jornada Mundial del Emigrante y el Refugiado 2015, ha propuesto como tema: \u00abUna Iglesia sin fronteras, madre de todos\u00bb; en su mensaje, el Papa recuerda y reafirma que \u00ab&#8230;la Iglesia abre sus brazos para acoger a todos los pueblos, sin discriminaciones y sin l?mites, y para anunciar a todos que ?Dios es amor? (1 Jn 4,8.16)\u00bb .<\/p>\n","protected":false},"author":1,"featured_media":7973,"comment_status":"closed","ping_status":"closed","sticky":false,"template":"","format":"standard","meta":{"footnotes":""},"categories":[9],"tags":[],"class_list":["post-2374","post","type-post","status-publish","format-standard","has-post-thumbnail","hentry","category-noticias"],"_links":{"self":[{"href":"https:\/\/ceas.org.pe\/index.php\/wp-json\/wp\/v2\/posts\/2374","targetHints":{"allow":["GET"]}}],"collection":[{"href":"https:\/\/ceas.org.pe\/index.php\/wp-json\/wp\/v2\/posts"}],"about":[{"href":"https:\/\/ceas.org.pe\/index.php\/wp-json\/wp\/v2\/types\/post"}],"author":[{"embeddable":true,"href":"https:\/\/ceas.org.pe\/index.php\/wp-json\/wp\/v2\/users\/1"}],"replies":[{"embeddable":true,"href":"https:\/\/ceas.org.pe\/index.php\/wp-json\/wp\/v2\/comments?post=2374"}],"version-history":[{"count":1,"href":"https:\/\/ceas.org.pe\/index.php\/wp-json\/wp\/v2\/posts\/2374\/revisions"}],"predecessor-version":[{"id":6844,"href":"https:\/\/ceas.org.pe\/index.php\/wp-json\/wp\/v2\/posts\/2374\/revisions\/6844"}],"wp:featuredmedia":[{"embeddable":true,"href":"https:\/\/ceas.org.pe\/index.php\/wp-json\/wp\/v2\/media\/7973"}],"wp:attachment":[{"href":"https:\/\/ceas.org.pe\/index.php\/wp-json\/wp\/v2\/media?parent=2374"}],"wp:term":[{"taxonomy":"category","embeddable":true,"href":"https:\/\/ceas.org.pe\/index.php\/wp-json\/wp\/v2\/categories?post=2374"},{"taxonomy":"post_tag","embeddable":true,"href":"https:\/\/ceas.org.pe\/index.php\/wp-json\/wp\/v2\/tags?post=2374"}],"curies":[{"name":"wp","href":"https:\/\/api.w.org\/{rel}","templated":true}]}}