{"id":2373,"date":"2015-06-17T18:01:51","date_gmt":"2015-06-17T18:01:51","guid":{"rendered":""},"modified":"2026-03-11T09:12:12","modified_gmt":"2026-03-11T14:12:12","slug":"francisco-exhorta-a-acoger-con-onimo-abierto-la-encoclica-ambientalista","status":"publish","type":"post","link":"https:\/\/ceas.org.pe\/index.php\/2015\/06\/17\/francisco-exhorta-a-acoger-con-onimo-abierto-la-encoclica-ambientalista\/","title":{"rendered":"Francisco exhorta a acoger con \u00f3nimo abierto la enc\u00f3clica ambientalista"},"content":{"rendered":"<p>\u00a0El santo padre Francisco ha invitado a los fieles a acoger con \u00e1nimo abierto la enc\u00edclica sobre el \u201ccuidado de la casa com\u00fan\u201d que es la creaci\u00f3n, que ser\u00e1 publicada este jueves y que va en la l\u00ednea de la Doctrina Social de la Iglesia. Lo ha hecho al finalizar la audiencia general, donde miles de peregrinos de todas las partes del mundo se han reunido una semana m\u00e1s para escuchar la catequesis del Santo Padre. Esta nuestra casa &#8211;ha recordado el Papa&#8211; se est\u00e1 estropeando y eso da\u00f1a a todos, especialmente a los m\u00e1s pobres. \u201cLa m\u00eda es una llamada a la responsabilidad, en base a la tarea que Dios ha dado al ser humano en la creaci\u00f3n: \u2018cultivar y cuidar\u2019 el \u2018jard\u00edn\u2019 en el que le ha puesto.<\/p>\n<div>\u00a0<\/div>\n<div>Por otro lado, Francisco ha recordado tambi\u00e9n que el pr\u00f3ximo s\u00e1bado es la Jornada Mundial del Refugiado, promovido por las Naciones Unidas. Por eso, ha invitado a rezar por tantos hermanos y hermanas que buscan refugio lejos de su tierra, que buscan una casa donde poder vivir sin temor, \u201cpara que sean siempre respetados en su dignidad\u201d. Igualmente ha animado la obra de quienes le llevan una ayuda y ha deseado que la comunidad internacional act\u00fae de forma concorde y eficaz para prevenir las causas de las migraciones forzadas. El Papa ha invitado a todos a pedir perd\u00f3n por las personas y las instituciones que cierran la puerta a esta gente que busca un hogar, una familia, que busca ser cuidada.\u00a0<\/div>\n<div>\u00a0<\/div>\n<div>La catequesis de esta semana, ha abordado el tema del luto en la familia por la p\u00e9rdida de alguno de sus miembros. De este modo, Francisco ha asegurado que \u201cpor m\u00e1s que la muerte forme parte de la vida, nunca nos parece algo natural. Provoca un dolor desgarrador y un desconcierto que no sabemos explicar, y a veces hasta le damos la culpa a Dios\u201d. Sin embargo, \u201ccon la gracia divina, muchas familias muestran que la muerte no tiene la \u00faltima palabra. La fe y el amor que nos unen a quienes amamos impiden que la partida de este mundo se lo lleve todo, que nos envenene la vida y nos haga caer en el vac\u00edo\u201d, ha indicado.<\/div>\n<div>\u00a0<\/div>\n<div>El Pont\u00edfice ha afirmado que \u201cen esta fe podemos consolarnos unos a otros, sabiendo que el Se\u00f1or ha vencido la muerte de una vez por todas. Y la esperanza nos asegura que nuestros difuntos est\u00e1n en las manos fuertes y buenas de Dios\u201d. As\u00ed, ha a\u00f1adido, \u201cla experiencia del luto puede ayudar a estrechar a\u00fan m\u00e1s los lazos familiares, a unirnos en dolor con otras familias y en la esperanza\u201d.<\/div>\n<div>\u00a0<\/div>\n<div>Finalmente, el Papa ha recordado que \u201csin negar el derecho al llanto, el sentir la ausencia de uno de nosotros nos permite tambi\u00e9n percibir m\u00e1s concreto y cercano el sacrificio de Cristo, que muri\u00f3, resucit\u00f3 y fue glorificado por el Padre, y su irrevocable promesa de llevar consigo a todos los suyos a la vida eterna. El amor de Dios es m\u00e1s fuerte que la muerte\u201d.<\/div>\n<div>\u00a0<\/div>\n<div>A continuaci\u00f3n ha saludado a los peregrinos de lengua espa\u00f1ola, \u201cen particular a los venidos de Espa\u00f1a y Latinoam\u00e9rica\u201d. As\u00ed, ha pedido al buen Pastor \u201cque nos acompa\u00f1e en el momento de la \u00faltima soledad, que \u00e9l ha atravesado y conoce bien el paso oscuro de esta vida a la otra, a la gloria\u201d.<\/div>\n<div>\u00a0<\/div>\n<div>Como cada semana, al concluir los saludos en las distintas lenguas, el Santo Padre ha dedicado unas palabras a los j\u00f3venes, los enfermos y los reci\u00e9n casados. Afirmando que a\u00fan est\u00e1 viva en nosotros el eco de la Solemnidad del Sagrado Coraz\u00f3n de Jes\u00fas, el Santo Padre ha deseado que los j\u00f3venes encuentren en ese Coraz\u00f3n el alimento de su vida espiritual y la fuente de su esperanza. A los enfermos ha invitado a ofrecer el propio sufrimiento al Se\u00f1or, para que contin\u00fae extendiendo su amor en el coraz\u00f3n de los hombres. Finalmente, ha deseado a los reci\u00e9n casados que en el camino que han emprendido se acerquen a la Eucarist\u00eda \u201cpara que nutridos por Cristo\u201d sean familias cristianas tocadas por el amor del Coraz\u00f3n de Jes\u00fas.<\/div>\n<div>\u00a0<\/div>\n<div><a href=\"http:\/\/www.zenit.org\/es\/articles\/texto-completo-de-la-catequesis-del-papa-en-la-audiencia-del-miercoles-17-de-junio\" target=\"_blank\">(Leer el texto completo de la audiencia)<\/a><\/div>\n<div>\u00a0<\/div>\n<div>Fuente: celam.org<\/div>\n<p><a href=\"http:\/\/web.hilo.org.pe\/wp-content\/uploads\/Nuevaenciclica.jpg\" target=\"_blank\" rel=\"noopener\">Ver archivo adjunto<\/a><\/p>\n","protected":false},"excerpt":{"rendered":"<p>El santo padre Francisco ha invitado a los fieles a acoger con ?nimo abierto la enc?clica sobre el ?cuidado de la casa com?n? que es la creaci?n, que ser? publicada este jueves y que va en la l?nea de la Doctrina Social de la Iglesia. Lo ha hecho al finalizar la audiencia general, donde miles de peregrinos de todas las partes del mundo se han reunido una semana m?s para escuchar la catequesis del Santo Padre. Esta nuestra casa &#8211;ha recordado el Papa&#8211; se est? estropeando y eso da?a a todos, especialmente a los m?s pobres. ?La m?a es una llamada a la responsabilidad, en base a la tarea que Dios ha dado al ser humano en la creaci?n: ?cultivar y cuidar? el ?jard?n? en el que le ha puesto.<\/p>\n","protected":false},"author":1,"featured_media":7915,"comment_status":"closed","ping_status":"closed","sticky":false,"template":"","format":"standard","meta":{"footnotes":""},"categories":[9],"tags":[],"class_list":["post-2373","post","type-post","status-publish","format-standard","has-post-thumbnail","hentry","category-noticias"],"_links":{"self":[{"href":"https:\/\/ceas.org.pe\/index.php\/wp-json\/wp\/v2\/posts\/2373","targetHints":{"allow":["GET"]}}],"collection":[{"href":"https:\/\/ceas.org.pe\/index.php\/wp-json\/wp\/v2\/posts"}],"about":[{"href":"https:\/\/ceas.org.pe\/index.php\/wp-json\/wp\/v2\/types\/post"}],"author":[{"embeddable":true,"href":"https:\/\/ceas.org.pe\/index.php\/wp-json\/wp\/v2\/users\/1"}],"replies":[{"embeddable":true,"href":"https:\/\/ceas.org.pe\/index.php\/wp-json\/wp\/v2\/comments?post=2373"}],"version-history":[{"count":1,"href":"https:\/\/ceas.org.pe\/index.php\/wp-json\/wp\/v2\/posts\/2373\/revisions"}],"predecessor-version":[{"id":6845,"href":"https:\/\/ceas.org.pe\/index.php\/wp-json\/wp\/v2\/posts\/2373\/revisions\/6845"}],"wp:featuredmedia":[{"embeddable":true,"href":"https:\/\/ceas.org.pe\/index.php\/wp-json\/wp\/v2\/media\/7915"}],"wp:attachment":[{"href":"https:\/\/ceas.org.pe\/index.php\/wp-json\/wp\/v2\/media?parent=2373"}],"wp:term":[{"taxonomy":"category","embeddable":true,"href":"https:\/\/ceas.org.pe\/index.php\/wp-json\/wp\/v2\/categories?post=2373"},{"taxonomy":"post_tag","embeddable":true,"href":"https:\/\/ceas.org.pe\/index.php\/wp-json\/wp\/v2\/tags?post=2373"}],"curies":[{"name":"wp","href":"https:\/\/api.w.org\/{rel}","templated":true}]}}