{"id":2372,"date":"2015-06-17T17:56:12","date_gmt":"2015-06-17T17:56:12","guid":{"rendered":""},"modified":"2026-03-11T09:12:12","modified_gmt":"2026-03-11T14:12:12","slug":"papa-ofrece-mediar-personalmente-en-proceso-de-paz-en-colombia","status":"publish","type":"post","link":"https:\/\/ceas.org.pe\/index.php\/2015\/06\/17\/papa-ofrece-mediar-personalmente-en-proceso-de-paz-en-colombia\/","title":{"rendered":"Papa ofrece mediar personalmente en proceso de paz en Colombia"},"content":{"rendered":"<p>\u00abLo que pueda hacer yo personalmente o la Iglesia, cuente con nosotros\u00bb, dijo el Papa Francisco al presidente colombiano Juan Manuel Santos, para una posible mediaci\u00f3n en el proceso de paz con la guerrilla de las Fuerzas Armadas Revolucionarias de Colombia (Farc). El ofrecimiento se realiz\u00f3 durante una audiencia privada realizada hoy en El Vaticano, seg\u00fan relat\u00f3 Santos a los medios.<\/p>\n<div>\u00a0<\/div>\n<div>Santos indic\u00f3 que el pont\u00edfice agreg\u00f3 que \u00ablo apoyamos y si necesita que juguemos un papel estamos dispuestos a hacerlo, a ayudarlo\u00bb. \u00abUsted es la persona por la que m\u00e1s he rezado, mucho, mucho y mucho por el proceso de paz y pido, pido por ello\u00bb, le dijo el papa al inicio del encuentro, a lo que el mandatario colombiano respondi\u00f3 \u00aba eso he venido, a pedirle ayuda e iluminaci\u00f3n\u00bb.<\/div>\n<div>\u00a0<\/div>\n<div>El gobierno de Santos y las guerrillas de las Farc sostienen en La Habana (Cuba) desde noviembre de 2012 negociaciones de paz y han alcanzado acuerdos parciales, pero tienen pendientes entre otros el tema de las v\u00edctimas tras medio siglo de conflicto.<\/div>\n<div>\u00a0<\/div>\n<div>\u00abLas v\u00edctimas est\u00e1n en el centro para la resoluci\u00f3n del conflicto\u00bb, le explic\u00f3 Santos al pont\u00edfice, quien reiter\u00f3 su disponibilidad y la de la Iglesia. \u00abEl Santo Padre me dijo que si se necesita que juguemos un papel estamos dispuestos a hacerlo, algo que nos complace mucho, porque es en este momento la m\u00e1xima voz autorizada que tiene en mundo\u00bb, agreg\u00f3 el mandatario colombiano.<\/div>\n<div>\u00a0<\/div>\n<div>Santos adelant\u00f3 tambi\u00e9n que Francisco a\u00fan no ha fijado la fecha ni a\u00f1o para un viaje a Colombia, pero admiti\u00f3 ante el mandatario que si se firma la paz, \u00abeso ser\u00eda determinante para la visita\u00bb, asegur\u00f3.<\/div>\n<div>\u00a0<\/div>\n<div>Fuente: latercera.com<\/div>\n<p><a href=\"http:\/\/web.hilo.org.pe\/wp-content\/uploads\/Pazencolombia.jpg\" target=\"_blank\" rel=\"noopener\">Ver archivo adjunto<\/a><\/p>\n","protected":false},"excerpt":{"rendered":"<p>\u00abLo que pueda hacer yo personalmente o la Iglesia, cuente con nosotros\u00bb, dijo el Papa Francisco al presidente colombiano Juan Manuel Santos, para una posible mediaci?n en el proceso de paz con la guerrilla de las Fuerzas Armadas Revolucionarias de Colombia (Farc). El ofrecimiento se realiz? durante una audiencia privada realizada hoy en El Vaticano, seg?n relat? Santos a los medios.<\/p>\n","protected":false},"author":1,"featured_media":7874,"comment_status":"closed","ping_status":"closed","sticky":false,"template":"","format":"standard","meta":{"footnotes":""},"categories":[9],"tags":[],"class_list":["post-2372","post","type-post","status-publish","format-standard","has-post-thumbnail","hentry","category-noticias"],"_links":{"self":[{"href":"https:\/\/ceas.org.pe\/index.php\/wp-json\/wp\/v2\/posts\/2372","targetHints":{"allow":["GET"]}}],"collection":[{"href":"https:\/\/ceas.org.pe\/index.php\/wp-json\/wp\/v2\/posts"}],"about":[{"href":"https:\/\/ceas.org.pe\/index.php\/wp-json\/wp\/v2\/types\/post"}],"author":[{"embeddable":true,"href":"https:\/\/ceas.org.pe\/index.php\/wp-json\/wp\/v2\/users\/1"}],"replies":[{"embeddable":true,"href":"https:\/\/ceas.org.pe\/index.php\/wp-json\/wp\/v2\/comments?post=2372"}],"version-history":[{"count":1,"href":"https:\/\/ceas.org.pe\/index.php\/wp-json\/wp\/v2\/posts\/2372\/revisions"}],"predecessor-version":[{"id":6846,"href":"https:\/\/ceas.org.pe\/index.php\/wp-json\/wp\/v2\/posts\/2372\/revisions\/6846"}],"wp:featuredmedia":[{"embeddable":true,"href":"https:\/\/ceas.org.pe\/index.php\/wp-json\/wp\/v2\/media\/7874"}],"wp:attachment":[{"href":"https:\/\/ceas.org.pe\/index.php\/wp-json\/wp\/v2\/media?parent=2372"}],"wp:term":[{"taxonomy":"category","embeddable":true,"href":"https:\/\/ceas.org.pe\/index.php\/wp-json\/wp\/v2\/categories?post=2372"},{"taxonomy":"post_tag","embeddable":true,"href":"https:\/\/ceas.org.pe\/index.php\/wp-json\/wp\/v2\/tags?post=2372"}],"curies":[{"name":"wp","href":"https:\/\/api.w.org\/{rel}","templated":true}]}}