{"id":2369,"date":"2015-06-15T10:58:41","date_gmt":"2015-06-15T10:58:41","guid":{"rendered":""},"modified":"2026-03-11T09:12:12","modified_gmt":"2026-03-11T14:12:12","slug":"santa-sede-ante-la-fao-pide-desarrollo-sostenible","status":"publish","type":"post","link":"https:\/\/ceas.org.pe\/index.php\/2015\/06\/15\/santa-sede-ante-la-fao-pide-desarrollo-sostenible\/","title":{"rendered":"Santa Sede ante la FAO pide desarrollo sostenible"},"content":{"rendered":"<div>Del 6 al 13 de junio se realiza en Roma la 39\u00aa Sesi\u00f3n de la Conferencia de la FAO (Organizaci\u00f3n de las Naciones Unidas para la Alimentaci\u00f3n y la Agricultura), y en el cual participa Monse\u00f1or Fernando Chica Arellano, jefe de la delegaci\u00f3n de la Santa Sede.<\/div>\n<div>\u00a0<\/div>\n<div>En su discurso, el Prelado dijo que los Estados miembros y las diversas Instituciones intergubernamentales que trabajan en el sector del desarrollo y la cooperaci\u00f3n tienen sus ojos puestos en la FAO y sus actividades. Tambi\u00e9n la sociedad civil y sus diferentes y valiosas formas de organizaci\u00f3n.\u00a0<\/div>\n<div>\u00a0<\/div>\n<div>Agreg\u00f3 que se requiere el esfuerzo para afrontar los problemas del mundo rural y las exigencias de cuantos padecen el hambre y la malnutrici\u00f3n. Dijo que tambi\u00e9n se tiene que considerar la condici\u00f3n del trabajador agr\u00edcola y sus ingresos totales, pero \u201csin olvidar que el agricultor no es \u00fanicamente un sujeto econ\u00f3mico, sino una persona capaz de participar en los procesos de decisi\u00f3n y en las opciones vinculadas a la producci\u00f3n, a la conservaci\u00f3n y a la distribuci\u00f3n de los frutos de la tierra\u201d.<\/div>\n<div>\u00a0<\/div>\n<div>\u201cPor ello, m\u00e1s que de desarrollo sostenible, ser\u00eda mucho m\u00e1s incisivo y coherente hablar de desarrollo humano sostenible, es decir de un desarrollo que ponga en su centro a la persona, sus capacidades reales, sus limitaciones, peculiaridades y necesidades, tanto individual como familiarmente\u201d, se\u00f1al\u00f3 Monse\u00f1or Fernando Chica.\u00a0<\/div>\n<div>\u00a0<\/div>\n<div>Indic\u00f3 que si los par\u00e1metros econ\u00f3micos no tienen en la debida cuenta todo esto, el da\u00f1o resulta evidente e irreparable, pues \u201cmayor progreso jam\u00e1s puede ser equivalente a menor humanidad. Una visi\u00f3n \u00e9tica y humanamente fundada del desarrollo nos llama en cambio a compartir recursos, estrategias y financiaci\u00f3n, pero sobre todo nos recuerda la importancia y la urgencia de poner fin al subdesarrollo del mundo rural\u201d.\u00a0<\/div>\n<div>\u00a0<\/div>\n<div>\u201cLa Delegaci\u00f3n de la Santa Sede quiere reafirmar la disponibilidad de la Iglesia Cat\u00f3lica, de sus estructuras y formas de organizaci\u00f3n para contribuir a dicho esfuerzo\u201d, finaliz\u00f3 Monse\u00f1or Chica Arellano.<\/div>\n<div>\u00a0<\/div>\n<div>(Fuente: CEP)<\/div>\n<p><a href=\"http:\/\/web.hilo.org.pe\/wp-content\/uploads\/Santasede.jpg\" target=\"_blank\" rel=\"noopener\">Ver archivo adjunto<\/a><\/p>\n","protected":false},"excerpt":{"rendered":"<p>Del 6 al 13 de junio se realiza en Roma la 39? Sesi?n de la Conferencia de la FAO (Organizaci?n de las Naciones Unidas para la Alimentaci?n y la Agricultura), y en el cual participa Monse?or Fernando Chica Arellano, jefe de la delegaci?n de la Santa Sede.<\/p>\n","protected":false},"author":1,"featured_media":7957,"comment_status":"closed","ping_status":"closed","sticky":false,"template":"","format":"standard","meta":{"footnotes":""},"categories":[9],"tags":[],"class_list":["post-2369","post","type-post","status-publish","format-standard","has-post-thumbnail","hentry","category-noticias"],"_links":{"self":[{"href":"https:\/\/ceas.org.pe\/index.php\/wp-json\/wp\/v2\/posts\/2369","targetHints":{"allow":["GET"]}}],"collection":[{"href":"https:\/\/ceas.org.pe\/index.php\/wp-json\/wp\/v2\/posts"}],"about":[{"href":"https:\/\/ceas.org.pe\/index.php\/wp-json\/wp\/v2\/types\/post"}],"author":[{"embeddable":true,"href":"https:\/\/ceas.org.pe\/index.php\/wp-json\/wp\/v2\/users\/1"}],"replies":[{"embeddable":true,"href":"https:\/\/ceas.org.pe\/index.php\/wp-json\/wp\/v2\/comments?post=2369"}],"version-history":[{"count":1,"href":"https:\/\/ceas.org.pe\/index.php\/wp-json\/wp\/v2\/posts\/2369\/revisions"}],"predecessor-version":[{"id":6849,"href":"https:\/\/ceas.org.pe\/index.php\/wp-json\/wp\/v2\/posts\/2369\/revisions\/6849"}],"wp:featuredmedia":[{"embeddable":true,"href":"https:\/\/ceas.org.pe\/index.php\/wp-json\/wp\/v2\/media\/7957"}],"wp:attachment":[{"href":"https:\/\/ceas.org.pe\/index.php\/wp-json\/wp\/v2\/media?parent=2369"}],"wp:term":[{"taxonomy":"category","embeddable":true,"href":"https:\/\/ceas.org.pe\/index.php\/wp-json\/wp\/v2\/categories?post=2369"},{"taxonomy":"post_tag","embeddable":true,"href":"https:\/\/ceas.org.pe\/index.php\/wp-json\/wp\/v2\/tags?post=2369"}],"curies":[{"name":"wp","href":"https:\/\/api.w.org\/{rel}","templated":true}]}}