{"id":2368,"date":"2015-06-15T10:56:45","date_gmt":"2015-06-15T10:56:45","guid":{"rendered":""},"modified":"2026-03-11T09:12:12","modified_gmt":"2026-03-11T14:12:12","slug":"odenuncien-lo-que-pisotea-la-dignidad-humanaexhorta-el-papa","status":"publish","type":"post","link":"https:\/\/ceas.org.pe\/index.php\/2015\/06\/15\/odenuncien-lo-que-pisotea-la-dignidad-humanaexhorta-el-papa\/","title":{"rendered":"\u00f3Denuncien lo que pisotea la dignidad humana!,exhorta el Papa"},"content":{"rendered":"<p>\u00a0(RV).- Al recibir a los participantes en la 88 plenaria de la Reuni\u00f3n de las Obras para la Ayuda a las Iglesias Orientales \u2013 ROACO &#8211; con su dolor y preocupaci\u00f3n, ante los eventos dram\u00e1ticos que sacuden Oriente Medio, el Papa Francisco record\u00f3 su peregrinaci\u00f3n a Tierra Santa y la sucesiva s\u00faplica por la paz en Tierra Santa, en Oriente Medio y en todo el mundo, convocada por \u00e9l mismo y celebrada en el Vaticano, el 8 de junio de 2014.<\/p>\n<div>\u00a0<\/div>\n<div>\u00a1Todos hubi\u00e9ramos deseado que la semilla de la reconciliaci\u00f3n hubiera producido m\u00e1s frutos!, exclam\u00f3 el Obispo de Roma, haciendo hincapi\u00e9 en que la tierra de Oriente Medio, marcada desde hace a\u00f1os por conflictos, \u00abest\u00e1 surcada por los pasos de los que buscan refugio e irrigada por la sangre de tantos hombres y mujeres, entre los cuales son numerosos los cristianos perseguidos a causa de su fe\u00bb.<\/div>\n<div>\u00a0<\/div>\n<div>\u00abEs la experiencia cotidiana de los hijos e hijas de las Iglesias de Oriente y de sus Pastores, que comparten los sufrimientos con tantas otras personas. Y ustedes, tambi\u00e9n en esta Sesi\u00f3n, llevan adelante la obra de escucha y de servicio, que caracteriza \u00a0el estatuto de las agencias que representan\u00bb, se\u00f1al\u00f3 el Papa Bergoglio, para luego recordar a todos los cristianos y a todos \u00a0los inocentes, v\u00edctimas de la violencia y de los intereses de los traficantes de muerte, con un llamamiento a perseverar en la caridad cristiana y a denunciar lo que pisotea la dignidad humana:<\/div>\n<div>\u00a0<\/div>\n<div>\u00abEn el drama de estos meses, parece que el mundo haya tenido un sobresalto de conciencia y haya abierto los ojos, d\u00e1ndose cuenta de la presencia milenaria de los cristianos en Oriente Medio. Se han multiplicado iniciativas de sensibilizaci\u00f3n y de ayuda para ellos y para todos los dem\u00e1s inocentes, golpeados injustamente por la violencia. Sin embargo, se deber\u00eda cumplir un esfuerzo ulterior para eliminar los que aparecen como t\u00e1citos acuerdos, para los cuales, en la balanza de los intereses, la vida de miles y miles de familias \u2013 mujeres, hombres, ni\u00f1os, ancianos \u2013 parece pesar menos que el petr\u00f3leo y las armas. Y, al tiempo que se proclama la paz y la justicia, se tolera que los traficantes de muerte act\u00faen en esas tierras. \u00a1Los aliento, por lo tanto, a que, mientras prosigan su servicio de caridad cristiana, denuncien lo que pisotea la dignidad del hombre!\u00bb<\/div>\n<div>\u00a0<\/div>\n<div>El Papa destac\u00f3 asimismo el reciente viaje a Irak de una delegaci\u00f3n de la ROACO, en el que mantuvieron encuentros con los numerosos desplazados de la llanura de N\u00ednive y con grupos provenientes de Siria. Y anim\u00f3 la atenci\u00f3n de la Reuni\u00f3n de las Obras para la Ayuda a las Iglesias Orientales hacia Etiop\u00eda, Eritrea y Armenia:<\/div>\n<div>\u00a0<\/div>\n<div>\u00abUstedes pueden ayudar a estas antiqu\u00edsimas comunidades cristianas a sentirse part\u00edcipes de la misi\u00f3n evangelizadora y a ofrecer, sobre todo a los j\u00f3venes, un horizonte de esperanza y de crecimiento. Sin ello, nunca se podr\u00e1 detener el flujo que ve a tantos hijos e hijas de esa regi\u00f3n ponerse en camino para llegar a las costas del Mediterr\u00e1neo, con el riesgo de sus vidas\u00bb.<\/div>\n<div>\u00a0<\/div>\n<div>\u00abToda obra de ayuda, para no caer en el eficientismo y en el asistencialismo \u2013 que no promueven a las personas y a los pueblos &#8211; debe renacer siempre de la bendici\u00f3n de Se\u00f1or, que nos alcanza cuando tenemos la valent\u00eda de mirar la realidad y a los hermanos que tenemos ante nosotros\u00bb, \u00a0 &#8211; destac\u00f3 el Santo Padre para luego a\u00f1adir la exhortaci\u00f3n que escribi\u00f3 en la Bula de convocaci\u00f3n del Jubileo de la Misericordia: \u00abAbramos nuestros ojos para mirar las miserias del mundo, las heridas de tantos hermanos y hermanas privados de la dignidad, y sint\u00e1monos provocados a escuchar su grito de auxilio. Nuestras manos estrechen sus manos, y acerqu\u00e9moslos a nosotros para que sientan el calor de nuestra presencia, de nuestra amistad y de la fraternidad. Que su grito se vuelva el nuestro y juntos podamos romper la barrera de la indiferencia, que suele reinar campante para esconder la hipocres\u00eda y el ego\u00edsmo\u00bb (n.15).<\/div>\n<div>\u00a0<\/div>\n<div>\u00a0<\/div>\n<div>Fuente: Vatican Radio<\/div>\n<p><a href=\"http:\/\/web.hilo.org.pe\/wp-content\/uploads\/Dignidad humana.jpg\" target=\"_blank\" rel=\"noopener\">Ver archivo adjunto<\/a><\/p>\n","protected":false},"excerpt":{"rendered":"<p>(RV).- Al recibir a los participantes en la 88 plenaria de la Reuni?n de las Obras para la Ayuda a las Iglesias Orientales ? ROACO &#8211; con su dolor y preocupaci?n, ante los eventos dram?ticos que sacuden Oriente Medio, el Papa Francisco record? su peregrinaci?n a Tierra Santa y la sucesiva s?plica por la paz en Tierra Santa, en Oriente Medio y en todo el mundo, convocada por ?l mismo y celebrada en el Vaticano, el 8 de junio de 2014.<\/p>\n","protected":false},"author":1,"featured_media":7945,"comment_status":"closed","ping_status":"closed","sticky":false,"template":"","format":"standard","meta":{"footnotes":""},"categories":[9],"tags":[],"class_list":["post-2368","post","type-post","status-publish","format-standard","has-post-thumbnail","hentry","category-noticias"],"_links":{"self":[{"href":"https:\/\/ceas.org.pe\/index.php\/wp-json\/wp\/v2\/posts\/2368","targetHints":{"allow":["GET"]}}],"collection":[{"href":"https:\/\/ceas.org.pe\/index.php\/wp-json\/wp\/v2\/posts"}],"about":[{"href":"https:\/\/ceas.org.pe\/index.php\/wp-json\/wp\/v2\/types\/post"}],"author":[{"embeddable":true,"href":"https:\/\/ceas.org.pe\/index.php\/wp-json\/wp\/v2\/users\/1"}],"replies":[{"embeddable":true,"href":"https:\/\/ceas.org.pe\/index.php\/wp-json\/wp\/v2\/comments?post=2368"}],"version-history":[{"count":1,"href":"https:\/\/ceas.org.pe\/index.php\/wp-json\/wp\/v2\/posts\/2368\/revisions"}],"predecessor-version":[{"id":6850,"href":"https:\/\/ceas.org.pe\/index.php\/wp-json\/wp\/v2\/posts\/2368\/revisions\/6850"}],"wp:featuredmedia":[{"embeddable":true,"href":"https:\/\/ceas.org.pe\/index.php\/wp-json\/wp\/v2\/media\/7945"}],"wp:attachment":[{"href":"https:\/\/ceas.org.pe\/index.php\/wp-json\/wp\/v2\/media?parent=2368"}],"wp:term":[{"taxonomy":"category","embeddable":true,"href":"https:\/\/ceas.org.pe\/index.php\/wp-json\/wp\/v2\/categories?post=2368"},{"taxonomy":"post_tag","embeddable":true,"href":"https:\/\/ceas.org.pe\/index.php\/wp-json\/wp\/v2\/tags?post=2368"}],"curies":[{"name":"wp","href":"https:\/\/api.w.org\/{rel}","templated":true}]}}