{"id":2367,"date":"2015-06-12T11:54:50","date_gmt":"2015-06-12T11:54:50","guid":{"rendered":""},"modified":"2026-03-11T09:12:12","modified_gmt":"2026-03-11T14:12:12","slug":"movimientos-populares-volveron-a-encontrarse-con-el-papa-en-bolivia","status":"publish","type":"post","link":"https:\/\/ceas.org.pe\/index.php\/2015\/06\/12\/movimientos-populares-volveron-a-encontrarse-con-el-papa-en-bolivia\/","title":{"rendered":"Movimientos Populares volver\u00f3n a encontrarse con el Papa en Bolivia"},"content":{"rendered":"<p>A partir del pr\u00f3ximo 7 julio y hasta el 9, m\u00e1s de 1500 delegados provenientes desde diferentes movimientos populares latinoamericanos y delegaciones del resto de los continentes, junto a una significativa cantidad de obispos y agentes pastorales &#8211; con la activa colaboraci\u00f3n del Pontificio Consejo de Justicia y Paz &#8211; participar\u00e1n de tres d\u00edas de reuniones, an\u00e1lisis, debates.<\/p>\n<div>\u00a0<\/div>\n<div>Compartir\u00e1n experiencias, realidades, ideas y propuestas para abordar los problemas que afectan a los pobres de la tierra desde su propia condici\u00f3n de campesinos e ind\u00edgenas, vecinos de asentamientos populares y familias en lucha por un techo, trabajadores precarizados o de la econom\u00eda popular, es decir, los excluidos de la Tierra que no se resignan, que se organizan y que luchan por una alternativa humana a la globalizaci\u00f3n excluyente.<\/div>\n<div>\u00a0<\/div>\n<div>Por ello los ejes principales &#8211; al igual que en la edici\u00f3n pasada &#8211; siguen siendo Tierra, Techo y Trabajo con una mirada m\u00e1s amplia a lo que pasa con la Madre Tierra y los distintos conflictos que afectan la paz y la soberan\u00eda en el mundo.<\/div>\n<div>\u00a0<\/div>\n<div>El Encuentro culmina el d\u00eda 9 de julio a las 17:30 donde todos los participantes y el anfitri\u00f3n Presidente del Estado Plurinacional de Bolivia y dirigente popular ind\u00edgena Evo Morales dialogar\u00e1n con el Papa Francisco sobre la necesidad de un proceso de cambio que tenga a los movimientos populares como protagonistas en la lucha por la justicia social.<\/div>\n<div>\u00a0<\/div>\n<div>Al final del Encuentro, los Movimientos Populares entregar\u00e1n a Papa Francisco una carta con los resultados del trabajo de los tres d\u00edas y las medidas m\u00e1s urgentes que hay que tomar, para que el mismo Papa pueda tenerlas en cuenta en sus ponencias frente a la Asamblea de las Naciones Unidas de Nueva York y otros foros internacionales.<\/div>\n<div>\u00a0<\/div>\n<div>Deseando repetir en forma ampliada la positiva experiencia del 1er Encuentro, y en ocasi\u00f3n de la presencia del Santo Padre en Latinoam\u00e9rica, el Pontificio Consejo de Justicia y Paz considera oportuno favorecer el rec\u00edproco conocimiento y la colaboraci\u00f3n de las organizaciones populares y las Iglesias particulares de los Pa\u00edses de las Americas. Ser\u00e1 \u00e9ste un momento que propiciando la presencia de personas y organismos de variada perspectiva, origen y mentalidad, nos llamar\u00e1 a dar lugar a una verdadera cultura de di\u00e1logo y de encuentro capaz de hacer que, en la confluencia, todas las parcialidades conserven su originalidad (Cfr. Evangelii Gaudium n. 236).<\/div>\n<div>\u00a0<\/div>\n<div>\u00a0<\/div>\n<div>Fuente: Religi\u00f3n Digital<\/div>\n<div>\u00a0<\/div>\n<p><a href=\"http:\/\/web.hilo.org.pe\/wp-content\/uploads\/movimientospopulares.jpg\" target=\"_blank\" rel=\"noopener\">Ver archivo adjunto<\/a><\/p>\n","protected":false},"excerpt":{"rendered":"<p>A partir del pr?ximo 7 julio y hasta el 9, m?s de 1500 delegados provenientes desde diferentes movimientos populares latinoamericanos y delegaciones del resto de los continentes, junto a una significativa cantidad de obispos y agentes pastorales &#8211; con la activa colaboraci?n del Pontificio Consejo de Justicia y Paz &#8211; participar?n de tres d?as de reuniones, an?lisis, debates.<\/p>\n","protected":false},"author":1,"featured_media":7874,"comment_status":"closed","ping_status":"closed","sticky":false,"template":"","format":"standard","meta":{"footnotes":""},"categories":[9],"tags":[],"class_list":["post-2367","post","type-post","status-publish","format-standard","has-post-thumbnail","hentry","category-noticias"],"_links":{"self":[{"href":"https:\/\/ceas.org.pe\/index.php\/wp-json\/wp\/v2\/posts\/2367","targetHints":{"allow":["GET"]}}],"collection":[{"href":"https:\/\/ceas.org.pe\/index.php\/wp-json\/wp\/v2\/posts"}],"about":[{"href":"https:\/\/ceas.org.pe\/index.php\/wp-json\/wp\/v2\/types\/post"}],"author":[{"embeddable":true,"href":"https:\/\/ceas.org.pe\/index.php\/wp-json\/wp\/v2\/users\/1"}],"replies":[{"embeddable":true,"href":"https:\/\/ceas.org.pe\/index.php\/wp-json\/wp\/v2\/comments?post=2367"}],"version-history":[{"count":1,"href":"https:\/\/ceas.org.pe\/index.php\/wp-json\/wp\/v2\/posts\/2367\/revisions"}],"predecessor-version":[{"id":6851,"href":"https:\/\/ceas.org.pe\/index.php\/wp-json\/wp\/v2\/posts\/2367\/revisions\/6851"}],"wp:featuredmedia":[{"embeddable":true,"href":"https:\/\/ceas.org.pe\/index.php\/wp-json\/wp\/v2\/media\/7874"}],"wp:attachment":[{"href":"https:\/\/ceas.org.pe\/index.php\/wp-json\/wp\/v2\/media?parent=2367"}],"wp:term":[{"taxonomy":"category","embeddable":true,"href":"https:\/\/ceas.org.pe\/index.php\/wp-json\/wp\/v2\/categories?post=2367"},{"taxonomy":"post_tag","embeddable":true,"href":"https:\/\/ceas.org.pe\/index.php\/wp-json\/wp\/v2\/tags?post=2367"}],"curies":[{"name":"wp","href":"https:\/\/api.w.org\/{rel}","templated":true}]}}