{"id":2363,"date":"2015-06-10T12:38:42","date_gmt":"2015-06-10T12:38:42","guid":{"rendered":""},"modified":"2026-03-11T09:12:12","modified_gmt":"2026-03-11T14:12:12","slug":"debate-ciudadano-mundial-sobre-clima-y-energoa-en-lima","status":"publish","type":"post","link":"https:\/\/ceas.org.pe\/index.php\/2015\/06\/10\/debate-ciudadano-mundial-sobre-clima-y-energoa-en-lima\/","title":{"rendered":"Debate Ciudadano Mundial Sobre Clima y Energ\u00f3a en Lima"},"content":{"rendered":"<p>El debate ciudadano se inaugur\u00f3 con las palabras del Embajador de Francia, Fabrice Mauri\u00e9s, quien expres\u00f3 que &#8220;\u00b4es necesario realizar este debate a nivel mundial en el que los l\u00edderes y ciudadanos se expresen porque eventualmente todos los ciudadanos son los que sufrir\u00e1n los problemas del Cambio Clim\u00e1tico. Son 100 ciudades en donde se est\u00e1 realizando este Debate Mundial para escuchar a m\u00e1s de 80 pa\u00edses. Francia quiere que la COP21 sea exitosa en la toma del acuerdo por el Cambio Clim\u00e1tico\u00b4&#8221;.<\/p>\n<div>\u00a0<\/div>\n<div>Por su parte Federico Arnillas, Presidente de la Mesa de Concertaci\u00f3n para la Lucha Contra la Pobreza indic\u00f3 que es necesario escuchar la voz de los ciudadanos y ciudadanas. &#8220;\u00b4No es posible resolver el problema de la pobreza sin resolver las consecuencias del Cambio Clim\u00e1tico. Es por esto que todos estamos aceptando el desaf\u00edo porque no hay otro planeta que nos espere&#8221;\u00b4.<\/div>\n<div>\u00a0<\/div>\n<div>Asimismo el Director de la Sociedad Peruana de Derecho Ambiental, Pedro Solano dijo que, &#8220;\u00b4somos la primera generaci\u00f3n que somos conscientes de lo que el Cambio Clim\u00e1tico est\u00e1 provocando. Nosotros sabemos que estos problemas han sido ocasionados por nosotros, los hombres. Las decisiones que tenemos que tomar deben ser con sentido de humanidad\u00b4&#8221;.<\/div>\n<div>\u00a0<\/div>\n<div>De otro lado Urphy V\u00e1squez, Miembro del directorio del INTE indic\u00f3 que \u00b4&#8220;tenemos que ser conscientes de que somos el tercer pa\u00eds m\u00e1s vulnerable frente al Cambio Clim\u00e1tico. Tenemos que ahorrar agua, papel y energ\u00eda\u00b4&#8221;.<\/div>\n<div>\u00a0<\/div>\n<div>Adem\u00e1s el Viceministro de Gesti\u00f3n Ambiental, Mariano Castro, agreg\u00f3 que &#8220;\u00b4el Cambio Clim\u00e1tico es una condici\u00f3n de desarrollo, que debemos abordarla con responsabilidad. Nuestro pa\u00eds es megadiverso y necesitamos saber que cada parte tiene un nivel de amenaza y riesgo distinto. Estamos en este proceso de negociaci\u00f3n global para tomar responsabilidad en esta materia\u00b4&#8221;.<\/div>\n<div>\u00a0<\/div>\n<div>\u00a0<\/div>\n<div>Concluida la inauguraci\u00f3n, los participantes quienes ya estaban agrupados y acompa\u00f1ados por facilitadores, iniciaron el debate mundial el cual toc\u00f3 cinco grandes temas:<\/div>\n<div>\u00a0<\/div>\n<div>Tema 1: Importancia de la lucha contra el cambio clim\u00e1tico.<\/div>\n<div>Tema 2: Herramientas para el cambio clim\u00e1tico.<\/div>\n<div>Tema 3: Las negociaciones en la ONU y los compromisos nacionales.<\/div>\n<div>Tema 4: Repartici\u00f3n equitativa de los esfuerzos.<\/div>\n<div>Tema 5: Hacer promesas sobre el clima y cumplirlas.<\/div>\n<div>\u00a0<\/div>\n<div>Al finalizar cada tema, ellos respond\u00edan un cuestionario el cual arroj\u00f3 los siguientes <a href=\"http:\/\/climateandenergy.wwviews.org\/results\/\" target=\"_blank\">resultados<\/a>.<\/div>\n<div>\u00a0<\/div>\n<div>\u00a0<\/div>\n<div><span style=\"color: rgb(34, 34, 34); font-family: arial, sans-serif; font-size: 12.8000001907349px;\">Fuente: PUCP<\/span><\/div>\n<div><span style=\"color: rgb(34, 34, 34); font-family: arial, sans-serif; font-size: 12.8000001907349px;\">Foto: PUCP<\/span><\/div>\n<div>\u00a0<\/div>\n<p><a href=\"http:\/\/web.hilo.org.pe\/wp-content\/uploads\/Debate mundial clima.jpg\" target=\"_blank\" rel=\"noopener\">Ver archivo adjunto<\/a><\/p>\n","protected":false},"excerpt":{"rendered":"<p>El debate ciudadano se inaugur? con las palabras del Embajador de Francia, Fabrice Mauri?s, quien expres? que &#8220;?es necesario realizar este debate a nivel mundial en el que los l?deres y ciudadanos se expresen porque eventualmente todos los ciudadanos son los que sufrir?n los problemas del Cambio Clim?tico. Son 100 ciudades en donde se est? realizando este Debate Mundial para escuchar a m?s de 80 pa?ses. Francia quiere que la COP21 sea exitosa en la toma del acuerdo por el Cambio Clim?tico?&#8221;.<\/p>\n","protected":false},"author":1,"featured_media":8067,"comment_status":"closed","ping_status":"closed","sticky":false,"template":"","format":"standard","meta":{"footnotes":""},"categories":[9],"tags":[],"class_list":["post-2363","post","type-post","status-publish","format-standard","has-post-thumbnail","hentry","category-noticias"],"_links":{"self":[{"href":"https:\/\/ceas.org.pe\/index.php\/wp-json\/wp\/v2\/posts\/2363","targetHints":{"allow":["GET"]}}],"collection":[{"href":"https:\/\/ceas.org.pe\/index.php\/wp-json\/wp\/v2\/posts"}],"about":[{"href":"https:\/\/ceas.org.pe\/index.php\/wp-json\/wp\/v2\/types\/post"}],"author":[{"embeddable":true,"href":"https:\/\/ceas.org.pe\/index.php\/wp-json\/wp\/v2\/users\/1"}],"replies":[{"embeddable":true,"href":"https:\/\/ceas.org.pe\/index.php\/wp-json\/wp\/v2\/comments?post=2363"}],"version-history":[{"count":1,"href":"https:\/\/ceas.org.pe\/index.php\/wp-json\/wp\/v2\/posts\/2363\/revisions"}],"predecessor-version":[{"id":6855,"href":"https:\/\/ceas.org.pe\/index.php\/wp-json\/wp\/v2\/posts\/2363\/revisions\/6855"}],"wp:featuredmedia":[{"embeddable":true,"href":"https:\/\/ceas.org.pe\/index.php\/wp-json\/wp\/v2\/media\/8067"}],"wp:attachment":[{"href":"https:\/\/ceas.org.pe\/index.php\/wp-json\/wp\/v2\/media?parent=2363"}],"wp:term":[{"taxonomy":"category","embeddable":true,"href":"https:\/\/ceas.org.pe\/index.php\/wp-json\/wp\/v2\/categories?post=2363"},{"taxonomy":"post_tag","embeddable":true,"href":"https:\/\/ceas.org.pe\/index.php\/wp-json\/wp\/v2\/tags?post=2363"}],"curies":[{"name":"wp","href":"https:\/\/api.w.org\/{rel}","templated":true}]}}