{"id":2362,"date":"2015-06-10T12:34:28","date_gmt":"2015-06-10T12:34:28","guid":{"rendered":""},"modified":"2026-03-11T09:12:12","modified_gmt":"2026-03-11T14:12:12","slug":"cusco-iii-simposium-de-fe-y-cultura","status":"publish","type":"post","link":"https:\/\/ceas.org.pe\/index.php\/2015\/06\/10\/cusco-iii-simposium-de-fe-y-cultura\/","title":{"rendered":"Cusco: III Simposium de Fe y Cultura"},"content":{"rendered":"<p>El d\u00eda de ayer se inici\u00f3 el III Simposium de Fe y Cultura, con el tema \u00a0\u201cEl Corpus: Origen del Culto y de la Fiesta\u201d, en el cual el Dr. Javier Campos y Fern\u00e1ndez de Sevilla, O.S.A., en magistral conferencia, hizo un recorrido hist\u00f3rico de los or\u00edgenes de la Festividad del Corpus Christi, en sus vertientes teol\u00f3gicas as\u00ed como los matices que esta celebraci\u00f3n asumiendo en los diferentes contextos y eventos que se dieron hasta tomar la forma de la actual Adoraci\u00f3n al Sant\u00edsimo como la conocemos.<\/p>\n<div>\u00a0<\/div>\n<div>El R.P. Javier Campos y Fern\u00e1ndez de Sevilla, O.S.A., personaje de gran relieve en el mundo acad\u00e9mico, historiador del arte, estar\u00e1 abordando en el tema de hoy aspectos relacionados a la iconograf\u00eda desde el an\u00e1lisis de los elementos pict\u00f3ricos de la colecci\u00f3n de lienzos que se encuentran en el Museo Arzobispal. Este tema: \u201cLa Fiesta del Corpus y sus elementos\u201d, permitir\u00e1 un an\u00e1lisis detallado de los mismos. Este evento, organizado por el Arzobispado del Cusco, a trav\u00e9s de la Comisi\u00f3n Arquidiocesana de Catequesis y Biblia, se desarrollar\u00e1 hasta el viernes 12 de junio, de 06:30 a 08:30 p.m., en el Auditorio de la Caja Municipal de la Av. La Cultura 1624.<\/div>\n<div>\u00a0<\/div>\n<div>Los d\u00edas mi\u00e9rcoles y jueves, los temas a tratarse en este evento son: \u201cEl Ciclo de lienzos del Corpus Christi del Arzobispado de Cusco y la permanencia de la fiesta barroca del Corpus en sus elementos\u201d, y \u201cLa Eucarist\u00eda en la pintura Barroca\u201d, ambas conferencias a cargo del R.P. Javier Campos y Fern\u00e1ndez de Sevilla; mientras que el viernes, \u00faltimo d\u00eda del Simposium, el Dr. Ricardo Estabridis C\u00e1rdenas estar\u00e1 exponiendo sobre el \u201cArte y Eucarist\u00eda en el Reino del Per\u00fa\u201d. La Hna. Mariveld Bravo B\u00e9jar, Presidenta de la Comisi\u00f3n Arquidiocesana de Catequesis y Biblia, de nuestra Arquidi\u00f3cesis, hace extensiva la invitaci\u00f3n a todos los estudiosos, interesados en la Fe y la Cultura de nuestro pueblo, a participar de este importante evento.<\/div>\n<div>\u00a0<\/div>\n<div><span style=\"color: rgb(34, 34, 34); font-family: arial, sans-serif; font-size: 12.8000001907349px;\">Fuente: Arzobispado de Cusco<\/span><\/div>\n<div>\u00a0<\/div>\n<p><a href=\"http:\/\/web.hilo.org.pe\/wp-content\/uploads\/Simposium fe y cultura.jpg\" target=\"_blank\" rel=\"noopener\">Ver archivo adjunto<\/a><\/p>\n","protected":false},"excerpt":{"rendered":"<p>El d?a de ayer se inici? el III Simposium de Fe y Cultura, con el tema  ?El Corpus: Origen del Culto y de la Fiesta?, en el cual el Dr. Javier Campos y Fern?ndez de Sevilla, O.S.A., en magistral conferencia, hizo un recorrido hist?rico de los or?genes de la Festividad del Corpus Christi, en sus vertientes teol?gicas as? como los matices que esta celebraci?n asumiendo en los diferentes contextos y eventos que se dieron hasta tomar la forma de la actual Adoraci?n al Sant?simo como la conocemos.<\/p>\n","protected":false},"author":1,"featured_media":7848,"comment_status":"closed","ping_status":"closed","sticky":false,"template":"","format":"standard","meta":{"footnotes":""},"categories":[9],"tags":[],"class_list":["post-2362","post","type-post","status-publish","format-standard","has-post-thumbnail","hentry","category-noticias"],"_links":{"self":[{"href":"https:\/\/ceas.org.pe\/index.php\/wp-json\/wp\/v2\/posts\/2362","targetHints":{"allow":["GET"]}}],"collection":[{"href":"https:\/\/ceas.org.pe\/index.php\/wp-json\/wp\/v2\/posts"}],"about":[{"href":"https:\/\/ceas.org.pe\/index.php\/wp-json\/wp\/v2\/types\/post"}],"author":[{"embeddable":true,"href":"https:\/\/ceas.org.pe\/index.php\/wp-json\/wp\/v2\/users\/1"}],"replies":[{"embeddable":true,"href":"https:\/\/ceas.org.pe\/index.php\/wp-json\/wp\/v2\/comments?post=2362"}],"version-history":[{"count":1,"href":"https:\/\/ceas.org.pe\/index.php\/wp-json\/wp\/v2\/posts\/2362\/revisions"}],"predecessor-version":[{"id":6856,"href":"https:\/\/ceas.org.pe\/index.php\/wp-json\/wp\/v2\/posts\/2362\/revisions\/6856"}],"wp:featuredmedia":[{"embeddable":true,"href":"https:\/\/ceas.org.pe\/index.php\/wp-json\/wp\/v2\/media\/7848"}],"wp:attachment":[{"href":"https:\/\/ceas.org.pe\/index.php\/wp-json\/wp\/v2\/media?parent=2362"}],"wp:term":[{"taxonomy":"category","embeddable":true,"href":"https:\/\/ceas.org.pe\/index.php\/wp-json\/wp\/v2\/categories?post=2362"},{"taxonomy":"post_tag","embeddable":true,"href":"https:\/\/ceas.org.pe\/index.php\/wp-json\/wp\/v2\/tags?post=2362"}],"curies":[{"name":"wp","href":"https:\/\/api.w.org\/{rel}","templated":true}]}}