{"id":2361,"date":"2015-06-09T12:33:41","date_gmt":"2015-06-09T12:33:41","guid":{"rendered":""},"modified":"2026-03-11T09:12:12","modified_gmt":"2026-03-11T14:12:12","slug":"campaoa-oamorica-nos-une-no-hagas-to-la-diferenciao","status":"publish","type":"post","link":"https:\/\/ceas.org.pe\/index.php\/2015\/06\/09\/campaoa-oamorica-nos-une-no-hagas-to-la-diferenciao\/","title":{"rendered":"Campa\u00f3a \u00f3Am\u00f3rica nos une. No hagas t\u00f3 la diferencia\u00f3"},"content":{"rendered":"<p>En el marco de la Copa Am\u00e9rica Chile 2015, UNICEF junto a la Fundaci\u00f3n F\u00fatbol M\u00e1s presentan la campa\u00f1a \u201cAm\u00e9rica nos une. No hagas t\u00fa la diferencia\u201d, iniciativa que realiza un llamado a terminar con la discriminaci\u00f3n y a promover la inclusi\u00f3n social de la infancia de Am\u00e9rica Latina y el Caribe. Esta iniciativa tendr\u00e1 un alcance regional a trav\u00e9s de las oficinas del organismo de Naciones Unidas. El sitio web de la campa\u00f1a es www.unicef.cl\/web\/copaamerica2015.<\/p>\n<p>A nivel local, durante la competencia deportiva, UNICEF Chile promover\u00e1 la inclusi\u00f3n social y no discriminaci\u00f3n de la infancia migrante. Seg\u00fan cifras de la Encuesta Casen 2013, en el pa\u00eds habitan 354.581 personas inmigrantes, de los cuales 59.266 son personas de entre 0 y 17 a\u00f1os. El 7,2% de la poblaci\u00f3n inmigrante en Chile vive en situaci\u00f3n de pobreza por ingresos y el 25,2% se encuentra en estado de pobreza multidimensional, cifras superiores a las de las personas nacidas en Chile.<\/p>\n<div>UNICEF considera urgente promover, respetar y garantizar los derechos de todos los ni\u00f1os, ni\u00f1as y adolescentes migrantes, tal como lo indica la Convenci\u00f3n sobre los Derechos del Ni\u00f1o. Cada Estado debe asegurar que toda la infancia tenga acceso equitativo a una educaci\u00f3n de calidad, salud y protecci\u00f3n legal y social.<\/div>\n<div>\u00a0<\/div>\n<div>\u201cDebemos promover una cultura de respeto y protecci\u00f3n de los derechos de la infancia, con \u00e9nfasis en las poblaciones m\u00e1s vulnerables, entre ellos la infancia migrante. La Copa Am\u00e9rica es una excelente oportunidad para promover un cambio cultural en la sociedad. Es deber de todos garantizar las mejores condiciones de vida, sin discriminaci\u00f3n, para los ni\u00f1os, ni\u00f1as y adolescentes de Am\u00e9rica Latina y el Caribe\u201d, expres\u00f3 Hai Kyung Jun, Representante de UNICEF para Chile.<\/div>\n<div>\u00a0<\/div>\n<div>\u201cEl f\u00fatbol es una actividad maravillosa, que nos re\u00fane, que nos motiva y que tambi\u00e9n entrega ejemplos a los millones de personas que convoca. El F\u00fatbol es para ni\u00f1os y para adultos, para hombres y mujeres, se puede vivir dentro y fuera de la cancha. En este sentido, el contexto de la Copa Am\u00e9rica, con todo el continente atento es ideal para transmitir valores y entregar un mensaje a favor de la inclusi\u00f3n\u201d, a\u00f1adi\u00f3 Guillermo Rolando, director ejecutivo de Fundaci\u00f3n F\u00fatbol M\u00e1s.<\/div>\n<div>\u00a0<\/div>\n<div>En este contexto, UNICEF y F\u00fatbol M\u00e1s invitan a todos los actores sociales y al p\u00fablico en general a sumarse a esta cruzada de no a la discriminaci\u00f3n, para construir pa\u00edses m\u00e1s inclusivos, donde los ni\u00f1os, ni\u00f1as y adolescentes crezcan libres de prejuicios.<\/div>\n<div>\u00a0<\/div>\n<div><strong>PARTIDO INAUGURAL DE LA COPA: \u00a1LEVANTA TU TARJETA VERDE!<\/strong><\/div>\n<div>UNICEF y F\u00fatbol M\u00e1s est\u00e1n impulsando una acci\u00f3n que busca generar unidad en el p\u00fablico que asista al partido inaugural de la Copa Am\u00e9rica Chile 2015. Se trata de la Tarjeta Verde, la que incluye un mensaje del capit\u00e1n de la Selecci\u00f3n de Chile, Claudio Bravo, para promover la no discriminaci\u00f3n y la inclusi\u00f3n social en Am\u00e9rica.<\/div>\n<div>\u00a0<\/div>\n<div>El jueves 11 de junio, durante las horas previas al inicio de la Copa Am\u00e9rica Chile 2015, se entregar\u00e1n 46 mil de estas tarjetas a los asistentes al encuentro, con el objetivo de que los hinchas levanten su tarjeta verde durante el himno nacional de Ecuador, en se\u00f1al de respeto y bienvenida, tanto a los jugadores como a los visitantes extranjeros.<\/div>\n<div>Esta iniciativa est\u00e1 siendo apoyada a trav\u00e9s de Facebook y Twitter por diversas figuras p\u00fablicas como Iv\u00e1n Zamorano, Embajador de UNICEF Chile; Pedro Carcuro; Gabriel \u201cCoca\u201d Mendoza; Sergio \u201cS\u00faperman\u201d Vargas, Sergio Lagos, Karol Lucero, Joe Vasconcellos, entre otras personalidades.<\/div>\n<div>\u00a0<\/div>\n<div><strong>Acerca de UNICEF<\/strong><\/div>\n<div>En UNICEF promovemos los derechos y el bienestar de todos los ni\u00f1os, ni\u00f1as y adolescentes en todo lo que hacemos. Junto a nuestros aliados, trabajamos en 190 pa\u00edses y territorios para transformar este compromiso en acciones pr\u00e1cticas que beneficien a todos los ni\u00f1os,<\/div>\n<div>centrando especialmente nuestros esfuerzos en llegar a los m\u00e1s vulnerables y excluidos, en todo el mundo.<\/div>\n<div>\u00a0<\/div>\n<div>Para obtener m\u00e1s informaci\u00f3n sobre UNICEF Chile y su labor visite: http:\/\/www.unicef.cl<\/div>\n<div>S\u00edganos en Twitter y Facebook<\/div>\n<div>\u00a0<\/div>\n<div><strong>Acerca de F\u00fatbol M\u00e1s<\/strong><\/div>\n<div>F\u00fatbol M\u00e1s es una fundaci\u00f3n que naci\u00f3 el 2008 con el objetivo de promover la resiliencia y la felicidad en ni\u00f1as, ni\u00f1os y adolescentes que viven en contextos de vulnerabilidad social. Se inserta en el coraz\u00f3n de los barrios, trabajando con dos actores principales: los ni\u00f1os y las comunidades. Potencia los recursos en ni\u00f1as y ni\u00f1os, usando el f\u00fatbol como herramienta para desarrollar habilidades que puedan utilizar en todos los \u00e1mbitos de su vida y, por sobre todo, ser felices.<\/div>\n<div>\u00a0<\/div>\n<div>Actualmente la fundaci\u00f3n est\u00e1 trabajando en siete regiones de Chile, adem\u00e1s de tener presencia en Per\u00fa, Ecuador y Hait\u00ed, con m\u00e1s de 4000 ni\u00f1os, en 64 barrios.<\/div>\n<div>\u00a0<\/div>\n<div>Para m\u00e1s informaci\u00f3n sobre Fundaci\u00f3n F\u00fatbol M\u00e1s puedes visitar http:\/\/www.futbolmas.org \u00a0<\/div>\n<div>Redes Sociales<\/div>\n<div>\u00a0<\/div>\n<div>Twitter: @futbolmasorg\u00a0<\/div>\n<div>Facebook: https:\/\/www.facebook.com\/futbolmasorg\u00a0<\/div>\n<div>Instagram: futbolmasorg\u00a0<\/div>\n<div>Youtube: https:\/\/www.youtube.com\/user\/futbolmasorg<\/div>\n<div>\u00a0<\/div>\n<div>Fuente: unicef.org<\/div>\n<p><a href=\"http:\/\/web.hilo.org.pe\/wp-content\/uploads\/20150609_campanamerica.jpg\" target=\"_blank\" rel=\"noopener\">Ver archivo adjunto<\/a><\/p>\n","protected":false},"excerpt":{"rendered":"<p>\u00a0En el marco de la Copa Am\u00e9rica Chile 2015, UNICEF junto a la Fundaci\u00f3n F\u00fatbol M\u00e1s presentan la campa\u00f1a \u201cAm\u00e9rica nos une. No hagas t\u00fa la diferencia\u201d, iniciativa que realiza un llamado a terminar con la discriminaci\u00f3n y a promover la inclusi\u00f3n social de la infancia de Am\u00e9rica Latina y el Caribe. Esta iniciativa tendr\u00e1 un alcance regional a trav\u00e9s de las oficinas del organismo de Naciones Unidas. El sitio web de la campa\u00f1a es www.unicef.cl\/web\/copaamerica2015.<\/p>\n","protected":false},"author":1,"featured_media":7848,"comment_status":"closed","ping_status":"closed","sticky":false,"template":"","format":"standard","meta":{"footnotes":""},"categories":[9],"tags":[],"class_list":["post-2361","post","type-post","status-publish","format-standard","has-post-thumbnail","hentry","category-noticias"],"_links":{"self":[{"href":"https:\/\/ceas.org.pe\/index.php\/wp-json\/wp\/v2\/posts\/2361","targetHints":{"allow":["GET"]}}],"collection":[{"href":"https:\/\/ceas.org.pe\/index.php\/wp-json\/wp\/v2\/posts"}],"about":[{"href":"https:\/\/ceas.org.pe\/index.php\/wp-json\/wp\/v2\/types\/post"}],"author":[{"embeddable":true,"href":"https:\/\/ceas.org.pe\/index.php\/wp-json\/wp\/v2\/users\/1"}],"replies":[{"embeddable":true,"href":"https:\/\/ceas.org.pe\/index.php\/wp-json\/wp\/v2\/comments?post=2361"}],"version-history":[{"count":1,"href":"https:\/\/ceas.org.pe\/index.php\/wp-json\/wp\/v2\/posts\/2361\/revisions"}],"predecessor-version":[{"id":6857,"href":"https:\/\/ceas.org.pe\/index.php\/wp-json\/wp\/v2\/posts\/2361\/revisions\/6857"}],"wp:featuredmedia":[{"embeddable":true,"href":"https:\/\/ceas.org.pe\/index.php\/wp-json\/wp\/v2\/media\/7848"}],"wp:attachment":[{"href":"https:\/\/ceas.org.pe\/index.php\/wp-json\/wp\/v2\/media?parent=2361"}],"wp:term":[{"taxonomy":"category","embeddable":true,"href":"https:\/\/ceas.org.pe\/index.php\/wp-json\/wp\/v2\/categories?post=2361"},{"taxonomy":"post_tag","embeddable":true,"href":"https:\/\/ceas.org.pe\/index.php\/wp-json\/wp\/v2\/tags?post=2361"}],"curies":[{"name":"wp","href":"https:\/\/api.w.org\/{rel}","templated":true}]}}