{"id":2353,"date":"2015-06-03T12:44:36","date_gmt":"2015-06-03T12:44:36","guid":{"rendered":""},"modified":"2026-03-11T09:12:13","modified_gmt":"2026-03-11T14:12:13","slug":"francisco-hizo-suya-la-peticion-catolica-por-el-clima","status":"publish","type":"post","link":"https:\/\/ceas.org.pe\/index.php\/2015\/06\/03\/francisco-hizo-suya-la-peticion-catolica-por-el-clima\/","title":{"rendered":"Francisco hizo suya la Petici\u00f3n Cat\u00f3lica por el Clima"},"content":{"rendered":"<p>El Papa Francisco hizo suya la Petici\u00f3n Cat\u00f3lica por el Clima luego de reunirse con un grupo de representantes del Movimiento Cat\u00f3lico Mundial por el Clima (MCMC) en el Vaticano.<\/p>\n<div>\u00a0<\/div>\n<div>A trav\u00e9s de la petici\u00f3n se est\u00e1n recogiendo firmas de los cat\u00f3licos de todo el mundo para elevar una voz fuerte exigiendo una acci\u00f3n en\u00e9rgica por el clima.<\/div>\n<div>\u00a0<\/div>\n<div>Las firmas de la petici\u00f3n se presentar\u00e1n a los l\u00edderes mundiales en diciembre de 2015, cuando se re\u00fanan en la Cumbre del Clima de las Naciones Unidas en Par\u00eds con el objetivo de firmar un tratado para combatir el cambio clim\u00e1tico.<\/div>\n<div><strong><br \/>\n<\/strong><\/div>\n<div><strong>\u00bfEn qu\u00e9 consiste la petici\u00f3n?<\/strong><\/div>\n<div>\u00a0<\/div>\n<div>Los organizadores explican: \u201cEl cambio clim\u00e1tico nos afecta a todos, pero especialmente a los m\u00e1s pobres y vulnerables. Impulsados por nuestra fe cat\u00f3lica, les imploramos que reduzcan dr\u00e1sticamente las emisiones de carbono para que el aumento de la temperatura global no supere el peligroso umbral de 1,5\u00b0C, y que ayuden a los pa\u00edses m\u00e1s pobres para que resistan los impactos del cambio clim\u00e1tico\u201d.<\/div>\n<div>\u00a0<\/div>\n<div>Consultado por NOTICELAM, el Dr. Pablo Canziani* se refiri\u00f3 al fuerte compromiso del Papa Francisco con el cuidado de la creaci\u00f3n, su pr\u00f3xima enc\u00edclica y su presencia en la ONU: \u201c Ante la inminente publicaci\u00f3n de la enc\u00edclica sobre ecolog\u00eda y desarrollo del Papa Francisco, el MCMC se compromete a promover y \u00a0difundir los contenidos de esa enc\u00edclica. Al mismo tiempo en apoyo de la visita del Papa Francisco a la ONU el MCMC estamos promoviendo la firma de una petici\u00f3n a ser presentada en Par\u00eds a las autoridades y los participantes de la Conferencia de las Partes de la Convenci\u00f3n Marco de las Naciones Unidas sobre Cambio Clim\u00e1tico\u201d.<\/div>\n<div>\u00a0<\/div>\n<div>Continu\u00f3 Canziani: \u201cEsta petici\u00f3n reviste una particular importancia ya que aporta, tal como viene insistiendo el Papa, la necesidad de los cristianos, y en particular de los cat\u00f3licos, de comprometerse en temas fundamentales para la sociedad, tanto en la relaci\u00f3n con sus m\u00faltiples sectores y los miles de millones de habitantes del planeta, as\u00ed como el respeto, la protecci\u00f3n y un uso sostenible de los bienes de la Creaci\u00f3n, don gratuito de Dios\u201d.<\/div>\n<div>\u00a0<\/div>\n<div>Canziani se expres\u00f3 de este modo ante el apoyo de Papa a la petici\u00f3n: \u201cAdem\u00e1s del apoyo del Papa Francisco a la petici\u00f3n (fundamental), expresado en la firma de Mons. Karcher, es importante se\u00f1alar otros firmantes como Mons. Tagle, arzobispo de Manila y flamante presidente de Caritas Internacional, as\u00ed como el apoyo de otras instituciones cat\u00f3licas internacionales como la FIAC (Acci\u00f3n Cat\u00f3lica). Este petitorio tambi\u00e9n se promueve en varios pa\u00edses y regiones las m\u00e1s de 100 instituciones cat\u00f3licas que integran el MCMC en los cinco continentes\u201d.<\/div>\n<div>\u00a0<\/div>\n<div>Consultado por el apoyo del MCMC a la pr\u00f3xima enc\u00edclica de Papa Francisco sobre cambio clim\u00e1tico, ecolog\u00eda y desarrollo, Canziani se\u00f1al\u00f3 una fecha, el 28 de junio: \u201cEse d\u00eda varias organizaciones cat\u00f3licas est\u00e1n coordinando una jornada de celebraci\u00f3n por la Enc\u00edclica, con epicentro en la Plaza de San Pedro, durante el \u00c1ngelus dominical. Cada pa\u00eds es invitado a expresar \u00a0el respaldo a la Enc\u00edclica de manera que considere m\u00e1s adecuada en el marco de su cultura y espiritualidad local\/nacional\/regional. Asimismo, en acuerdo con el encuentro ecum\u00e9nico, cient\u00edfico y de dirigentes pol\u00edticos realizado el 28 de abril de 2015 en las Academias Pontificias de Ciencias y de Ciencias Sociales, invitamos a imitar el esp\u00edritu que anim\u00f3 dicho encuentro y concretar gestos ecum\u00e9nicos en torno a la Enc\u00edclica ya que la misma se\u00f1ala la necesidad de construir caminos \u00a0para el desarrollo humano integral en el marco del respeto y cuidado de la creaci\u00f3n\u201d.<\/div>\n<div>\u00a0<\/div>\n<div>\u00a0<\/div>\n<div>\u00a0\u201cEl Papa Francisco nos dio un gran apoyo para que sigamos con este trabajo para que los cat\u00f3licos de todo el mundo actuemos en forma coordinada contra la crisis del cambio clim\u00e1tico\u201d, dijo Tom\u00e1s Ins\u00faa, co-fundador del MCMC de Argentina. \u201cFrancisco incluso brome\u00f3 diciendo que est\u00e1bamos compitiendo contra su enc\u00edclica. Su respaldo a nuestro trabajo es muy importante para crear conciencia dentro de la comunidad cat\u00f3lica a nivel mundial, y para juntar m\u00e1s firmas\u201d.<\/div>\n<div>\u00a0<\/div>\n<div>El Papa Francisco pidi\u00f3 al Ceremoniere Pontificio, monse\u00f1or Guillermo Karcher, que firme la petici\u00f3n en su nombre como una forma de mostrar su apoyo, dado que los Papas no firman peticiones debido al protocolo.<\/div>\n<div>\u00a0<\/div>\n<div>El Papa tambi\u00e9n dio al MCMC, como regalo, el libro \u201cLa Energ\u00eda del Sol en el Vaticano\u201d, para hacer hincapi\u00e9 en el compromiso de la Santa Sede con la energ\u00eda renovable como medio para hacer frente a la crisis del cambio clim\u00e1tico.\u00a0<\/div>\n<div>\u00a0<\/div>\n<div>\u201cEl apoyo del Papa Francisco a la petici\u00f3n es muy importante ya que el cambio clim\u00e1tico es una cuesti\u00f3n moral urgente\u201d, dijo Allen Ottaro, director de CYNESA con sede en Kenia y co-fundador del MCMC. \u201cEl cambio clim\u00e1tico golpea primero y duramente a los m\u00e1s pobres, y dejar\u00e1 un legado grave para las generaciones futuras. Los cat\u00f3licos debemos intensificar nuestra acci\u00f3n contra el cambio clim\u00e1tico y elevar una voz fuerte pidiendo a los l\u00edderes pol\u00edticos que act\u00faen con urgencia.\u201d<\/div>\n<div>\u00a0<\/div>\n<div>Este apoyo del Papa Francisco es extremadamente valioso ahora que se est\u00e1 promoviendo esta petici\u00f3n que ser\u00e1 presentada en la cumbre del cambio clim\u00e1tico de las Naciones Unidas en Par\u00eds, respondiendo al llamado del Papa Francisco en diciembre pasado: \u201cEn cuanto al cambio clim\u00e1tico, hay un imperativo \u00e9tico claro, definitivo e ineludible para actuar.\u201d<\/div>\n<div>\u00a0<\/div>\n<div>*Pablo Canziani es miembro fundador y vocero para Am\u00e9rica Latina del MCMC.<\/div>\n<div>\u00a0<\/div>\n<div>M\u00e1s informaci\u00f3n:<\/div>\n<div>\u00a0<\/div>\n<div>catholicclimatemovement.global\/papa-francisco-apoyo-peticion-catolica-por-el-clima\/#sthash.ssDpDMjb.dpuf<\/div>\n<div>\u00a0<\/div>\n<div>Link de la petici\u00f3n:<\/div>\n<div>\u00a0<\/div>\n<div>http:\/\/catholicclimatemovement.global\/es\/firma-la-peticion\/<\/div>\n<div>\u00a0<\/div>\n<div>\u00a0<\/div>\n<div>\u00a0<\/div>\n<div>VIRGINIA BONARD<\/div>\n<div>FUENTE: MCMC<\/div>\n<div>\u00a0<\/div>\n<p><a href=\"http:\/\/web.hilo.org.pe\/wp-content\/uploads\/peticioncatolica.jpg\" target=\"_blank\" rel=\"noopener\">Ver archivo adjunto<\/a><\/p>\n","protected":false},"excerpt":{"rendered":"<p>El Papa Francisco hizo suya la Petici?n Cat?lica por el Clima luego de reunirse con un grupo de representantes del Movimiento Cat?lico Mundial por el Clima (MCMC) en el Vaticano.<\/p>\n","protected":false},"author":1,"featured_media":7855,"comment_status":"closed","ping_status":"closed","sticky":false,"template":"","format":"standard","meta":{"footnotes":""},"categories":[9],"tags":[],"class_list":["post-2353","post","type-post","status-publish","format-standard","has-post-thumbnail","hentry","category-noticias"],"_links":{"self":[{"href":"https:\/\/ceas.org.pe\/index.php\/wp-json\/wp\/v2\/posts\/2353","targetHints":{"allow":["GET"]}}],"collection":[{"href":"https:\/\/ceas.org.pe\/index.php\/wp-json\/wp\/v2\/posts"}],"about":[{"href":"https:\/\/ceas.org.pe\/index.php\/wp-json\/wp\/v2\/types\/post"}],"author":[{"embeddable":true,"href":"https:\/\/ceas.org.pe\/index.php\/wp-json\/wp\/v2\/users\/1"}],"replies":[{"embeddable":true,"href":"https:\/\/ceas.org.pe\/index.php\/wp-json\/wp\/v2\/comments?post=2353"}],"version-history":[{"count":1,"href":"https:\/\/ceas.org.pe\/index.php\/wp-json\/wp\/v2\/posts\/2353\/revisions"}],"predecessor-version":[{"id":6865,"href":"https:\/\/ceas.org.pe\/index.php\/wp-json\/wp\/v2\/posts\/2353\/revisions\/6865"}],"wp:featuredmedia":[{"embeddable":true,"href":"https:\/\/ceas.org.pe\/index.php\/wp-json\/wp\/v2\/media\/7855"}],"wp:attachment":[{"href":"https:\/\/ceas.org.pe\/index.php\/wp-json\/wp\/v2\/media?parent=2353"}],"wp:term":[{"taxonomy":"category","embeddable":true,"href":"https:\/\/ceas.org.pe\/index.php\/wp-json\/wp\/v2\/categories?post=2353"},{"taxonomy":"post_tag","embeddable":true,"href":"https:\/\/ceas.org.pe\/index.php\/wp-json\/wp\/v2\/tags?post=2353"}],"curies":[{"name":"wp","href":"https:\/\/api.w.org\/{rel}","templated":true}]}}