{"id":2351,"date":"2015-06-02T11:41:02","date_gmt":"2015-06-02T11:41:02","guid":{"rendered":""},"modified":"2026-03-11T09:12:13","modified_gmt":"2026-03-11T14:12:13","slug":"nueva-encoclica-de-francisco-sobre-ecologoa-se-titularo-laudato-sii","status":"publish","type":"post","link":"https:\/\/ceas.org.pe\/index.php\/2015\/06\/02\/nueva-encoclica-de-francisco-sobre-ecologoa-se-titularo-laudato-sii\/","title":{"rendered":"Nueva enc\u00f3clica de Francisco sobre ecolog\u00f3a se titular\u00f3 \u00abLaudato Sii\u00bb"},"content":{"rendered":"<p>La nueva enc\u00edclica de Papa Francisco sobre Ecolog\u00eda tendr\u00e1 como titulo: Laudato Sii\u201d (Alabado seas) y ser\u00e1 publicada en la segunda semana de junio, inform\u00f3 la Agencia de noticias italiana, ANSA. Padre Giuseppe Costa, director de la Librer\u00eda Editora Vaticana, anunci\u00f3 este 29 de mayo desde N\u00e1poles, que el titulo de la pr\u00f3xima enc\u00edclica del Pont\u00edfice est\u00e1 inspirado en la frase inicial del C\u00e1ntico de las Criaturas de Francisco de As\u00eds, el santo del que el Papa ha elegido llevar su nombre.<\/p>\n<div>\u00a0<\/div>\n<div>El mismo Papa Francisco en persona ha dado anticipaciones sobre la Enc\u00edclica en la rueda de prensa en el vuelo de vuelta de Corea a Roma en agosto de 2014. En esa ocasi\u00f3n sostuvo que hab\u00eda hecho varias consultas entre expertos de doctrina y aspectos cient\u00edficos sobre el tema, y pedido al cardenal Peter Turkson de recoger todas \u201clas aportaciones que han llegado\u201d.<\/div>\n<div>\u00a0<\/div>\n<div>El cardenal ghan\u00e9s encargado de dirigir los trabajos de publicaci\u00f3n del documento pontificio, confirm\u00f3 que la enc\u00edclica hablar\u00e1 de ecolog\u00eda humana y de ecolog\u00eda natural. \u201cEn la Biblia, Dios ha creado dos cosas: la Tierra y el hombre, el jard\u00edn y la persona. No se puede amar a Dios sin amar lo que ha creado\u201d, dijo el 28 de mayo, en el marco de la presentaci\u00f3n del libro, Terra e Cibo (Tierra y Comida) en la Expo 2015 en la ciudad italiana de Mil\u00e1n.<\/div>\n<div>\u00a0<\/div>\n<div>A pocas semanas de la publicaci\u00f3n del esperado documento, el cardenal ha anticipado igualmente como se ha llegado al texto final de la Enc\u00edclica admitiendo las posibles controversias que el texto casi seguramente suscitar\u00e1 debido a que no \u2018aplaza el tema del cuidado del Planeta\u201d, como si lo han hecho los tratados ambientales internacionales.<\/div>\n<div>\u00a0<\/div>\n<div>El Papa no es un cient\u00edfico, es un experto en humanidad\u00a0<\/div>\n<div>\u00a0<\/div>\n<div>\u201cCierto las controversias ya est\u00e1n all\u00ed. Lamentamos que provengan del Occidente, de Los Estados Unidos, como si el Papa Francisco estuviera agrediendo. El Papa es consciente de que no es un cient\u00edfico. Cierto o no, se defiende la vida del hombre\u201d, destac\u00f3.<\/div>\n<div>\u00a0<\/div>\n<div>Lobbies del petr\u00f3leo y energ\u00eda se preguntan: \u00bfPor qu\u00e9 la Iglesia debe ocuparse de ambiente?\u00a0<\/div>\n<div>\u00a0<\/div>\n<div>Indirectamente, a distancia, el cardenal tambi\u00e9n responde a esa cuesti\u00f3n. \u201cLa Iglesia no se ocupa de ambiente, sino que llama la atenci\u00f3n sobre el tema. La Iglesia debe acompa\u00f1ar la humanidad y la Enc\u00edclica sigue esta direcci\u00f3n. No es que la Iglesia tenga un proyecto ecol\u00f3gico, quiere solamente asistir la humanidad en su camino\u201d, confirm\u00f3 Turkson.\u00a0<\/div>\n<div>\u00a0<\/div>\n<div>Texto doctrinal, pero que no refute que el sol gira alrededor de la Tierra\u00a0<\/div>\n<div>\u00a0<\/div>\n<div>Una semana antes del viaje apost\u00f3lico a Corea en agosto de 2014, el Papa admite los problemas que enfrent\u00f3 al recibir el primer borrador de cara a la re-escritura del documento. \u201cPero la cuesti\u00f3n no es f\u00e1cil, porque de la protecci\u00f3n de la creaci\u00f3n, de la ecolog\u00eda, tambi\u00e9n de la ecolog\u00eda humana, se puede hablar con relativa seguridad hasta un cierto punto\u201d, indic\u00f3 Francisco.<\/div>\n<div>\u00a0<\/div>\n<div>En este trabajo el Papa valora tambi\u00e9n las hip\u00f3tesis cient\u00edficas y esto hace a\u00fan m\u00e1s complejo la escritura, \u00a0adem\u00e1s porque hace una disertaci\u00f3n entre \u201calgunas bastante seguras, otras no tanto\u201d explic\u00f3 Francisco.<\/div>\n<div>\u00a0<\/div>\n<div>Y a\u00f1ade: \u201cuna Enc\u00edclica as\u00ed debe ser magisterial, debe ir \u00fanicamente sobre seguro, bas\u00e1ndose en las cosas que son seguras. Porque si el Papa dice que el centro del universo es la Tierra y no el sol, se equivoca, porque est\u00e1 diciendo algo que deber\u00eda ser cient\u00edfico, y eso no cabe\u201d.<\/div>\n<div>\u00a0<\/div>\n<div>Ahora, el texto ya tiene titulo y est\u00e1 en la imprenta, despu\u00e9s de hacer una reducci\u00f3n n\u00famero por n\u00famero del primer borrador, \u00a0el Papa prometi\u00f3 : \u201cHemos de ir a lo esencial y a lo que se puede afirmar con seguridad. En nota a pie de p\u00e1gina, se puede decir: \u2018Sobre esto hay una hip\u00f3tesis, \u00e9sta, \u00e9sta\u2026\u2019; decirlo como informaci\u00f3n, no en el cuerpo de la Enc\u00edclica, que es doctrinal y debe ser segura\u201d, revel\u00f3.<\/div>\n<div>\u00a0<\/div>\n<div>Fuente: aleteia.org<\/div>\n<p><a href=\"http:\/\/web.hilo.org.pe\/wp-content\/uploads\/enciclicafrancisco.jpg\" target=\"_blank\" rel=\"noopener\">Ver archivo adjunto<\/a><\/p>\n","protected":false},"excerpt":{"rendered":"<p>La nueva enc?clica de Papa Francisco sobre Ecolog?a tendr? como titulo: Laudato Sii? (Alabado seas) y ser? publicada en la segunda semana de junio, inform? la Agencia de noticias italiana, ANSA. Padre Giuseppe Costa, director de la Librer?a Editora Vaticana, anunci? este 29 de mayo desde N?poles, que el titulo de la pr?xima enc?clica del Pont?fice est? inspirado en la frase inicial del C?ntico de las Criaturas de Francisco de As?s, el santo del que el Papa ha elegido llevar su nombre.<\/p>\n","protected":false},"author":1,"featured_media":7855,"comment_status":"closed","ping_status":"closed","sticky":false,"template":"","format":"standard","meta":{"footnotes":""},"categories":[9],"tags":[],"class_list":["post-2351","post","type-post","status-publish","format-standard","has-post-thumbnail","hentry","category-noticias"],"_links":{"self":[{"href":"https:\/\/ceas.org.pe\/index.php\/wp-json\/wp\/v2\/posts\/2351","targetHints":{"allow":["GET"]}}],"collection":[{"href":"https:\/\/ceas.org.pe\/index.php\/wp-json\/wp\/v2\/posts"}],"about":[{"href":"https:\/\/ceas.org.pe\/index.php\/wp-json\/wp\/v2\/types\/post"}],"author":[{"embeddable":true,"href":"https:\/\/ceas.org.pe\/index.php\/wp-json\/wp\/v2\/users\/1"}],"replies":[{"embeddable":true,"href":"https:\/\/ceas.org.pe\/index.php\/wp-json\/wp\/v2\/comments?post=2351"}],"version-history":[{"count":1,"href":"https:\/\/ceas.org.pe\/index.php\/wp-json\/wp\/v2\/posts\/2351\/revisions"}],"predecessor-version":[{"id":6867,"href":"https:\/\/ceas.org.pe\/index.php\/wp-json\/wp\/v2\/posts\/2351\/revisions\/6867"}],"wp:featuredmedia":[{"embeddable":true,"href":"https:\/\/ceas.org.pe\/index.php\/wp-json\/wp\/v2\/media\/7855"}],"wp:attachment":[{"href":"https:\/\/ceas.org.pe\/index.php\/wp-json\/wp\/v2\/media?parent=2351"}],"wp:term":[{"taxonomy":"category","embeddable":true,"href":"https:\/\/ceas.org.pe\/index.php\/wp-json\/wp\/v2\/categories?post=2351"},{"taxonomy":"post_tag","embeddable":true,"href":"https:\/\/ceas.org.pe\/index.php\/wp-json\/wp\/v2\/tags?post=2351"}],"curies":[{"name":"wp","href":"https:\/\/api.w.org\/{rel}","templated":true}]}}