{"id":2349,"date":"2015-06-01T12:20:40","date_gmt":"2015-06-01T12:20:40","guid":{"rendered":""},"modified":"2026-03-11T09:12:13","modified_gmt":"2026-03-11T14:12:13","slug":"jornada-mundial-de-oracion-por-la-santificacion-de-los-sacerdotes","status":"publish","type":"post","link":"https:\/\/ceas.org.pe\/index.php\/2015\/06\/01\/jornada-mundial-de-oracion-por-la-santificacion-de-los-sacerdotes\/","title":{"rendered":"Jornada Mundial de Oraci\u00f3n por la Santificaci\u00f3n de los Sacerdotes"},"content":{"rendered":"<p>El pr\u00f3ximo 12 de junio, en el marco de la Solemnidad del Sagrado Coraz\u00f3n de Jes\u00fas, la Iglesia en el Per\u00fa se apresta a celebrar la Jornada Mundial de Oraci\u00f3n por la Santificaci\u00f3n de los Sacerdotes, momento en el cual reflexionaremos de manera especial sobre el ministerio sacerdotal, compartiendo nuestra oraci\u00f3n y petici\u00f3n por todos aquellos que tienen la misi\u00f3n de proclamar el Santo Evangelio.<\/p>\n<div>\u00a0<\/div>\n<div>La Jornada Mundial de Oraci\u00f3n por la Santificaci\u00f3n de los Sacerdotes, en el Per\u00fa es animada por la Comisi\u00f3n Episcopal de Vocaciones y Ministerios. En tal sentido, ofrece algunos subsidios y materiales que permitan celebrar junto con nuestras comunidades esta Jornada.\u00a0<\/div>\n<div>\u00a0<\/div>\n<div>Para esta jornada, la Comisi\u00f3n Episcopal de Vocaciones y Ministerios recuerda las palabras del Santo Padre: \u201c\u00bfSab\u00e9is cu\u00e1ntas veces pienso en esto: en el cansancio de todos vosotros? Pienso mucho y ruego a menudo, especialmente cuando el cansado soy yo. Rezo por los que trabaj\u00e1is en medio del pueblo fiel de Dios que les fue confiado, y muchos en lugares muy abandonados y peligrosos. Y nuestro cansancio, queridos sacerdotes, es como el incienso que sube silenciosamente al cielo. Nuestro cansancio va directo al coraz\u00f3n del Padre\u201d.<\/div>\n<div>\u00a0<\/div>\n<div>Por ello, los organizadores piden a todos los fieles unirnos al rezo del Papa Francisco y pidamos por la fortaleza de todos los sacerdotes, que por la intersecci\u00f3n de Nuestra Madre Mar\u00eda encuentren una gu\u00eda y luz en la misi\u00f3n que se les ha sido confiado.<\/div>\n<p><a href=\"http:\/\/web.hilo.org.pe\/wp-content\/uploads\/jornadamundialoracion.jpg\" target=\"_blank\" rel=\"noopener\">Ver archivo adjunto<\/a><\/p>\n","protected":false},"excerpt":{"rendered":"<p>El pr?ximo 12 de junio, en el marco de la Solemnidad del Sagrado Coraz?n de Jes?s, la Iglesia en el Per? se apresta a celebrar la Jornada Mundial de Oraci?n por la Santificaci?n de los Sacerdotes, momento en el cual reflexionaremos de manera especial sobre el ministerio sacerdotal, compartiendo nuestra oraci?n y petici?n por todos aquellos que tienen la misi?n de proclamar el Santo Evangelio.<\/p>\n","protected":false},"author":1,"featured_media":7881,"comment_status":"closed","ping_status":"closed","sticky":false,"template":"","format":"standard","meta":{"footnotes":""},"categories":[9],"tags":[],"class_list":["post-2349","post","type-post","status-publish","format-standard","has-post-thumbnail","hentry","category-noticias"],"_links":{"self":[{"href":"https:\/\/ceas.org.pe\/index.php\/wp-json\/wp\/v2\/posts\/2349","targetHints":{"allow":["GET"]}}],"collection":[{"href":"https:\/\/ceas.org.pe\/index.php\/wp-json\/wp\/v2\/posts"}],"about":[{"href":"https:\/\/ceas.org.pe\/index.php\/wp-json\/wp\/v2\/types\/post"}],"author":[{"embeddable":true,"href":"https:\/\/ceas.org.pe\/index.php\/wp-json\/wp\/v2\/users\/1"}],"replies":[{"embeddable":true,"href":"https:\/\/ceas.org.pe\/index.php\/wp-json\/wp\/v2\/comments?post=2349"}],"version-history":[{"count":1,"href":"https:\/\/ceas.org.pe\/index.php\/wp-json\/wp\/v2\/posts\/2349\/revisions"}],"predecessor-version":[{"id":6869,"href":"https:\/\/ceas.org.pe\/index.php\/wp-json\/wp\/v2\/posts\/2349\/revisions\/6869"}],"wp:featuredmedia":[{"embeddable":true,"href":"https:\/\/ceas.org.pe\/index.php\/wp-json\/wp\/v2\/media\/7881"}],"wp:attachment":[{"href":"https:\/\/ceas.org.pe\/index.php\/wp-json\/wp\/v2\/media?parent=2349"}],"wp:term":[{"taxonomy":"category","embeddable":true,"href":"https:\/\/ceas.org.pe\/index.php\/wp-json\/wp\/v2\/categories?post=2349"},{"taxonomy":"post_tag","embeddable":true,"href":"https:\/\/ceas.org.pe\/index.php\/wp-json\/wp\/v2\/tags?post=2349"}],"curies":[{"name":"wp","href":"https:\/\/api.w.org\/{rel}","templated":true}]}}