{"id":2345,"date":"2015-05-28T10:22:57","date_gmt":"2015-05-28T10:22:57","guid":{"rendered":""},"modified":"2026-03-11T09:12:13","modified_gmt":"2026-03-11T14:12:13","slug":"oscar-romero-y-coritas","status":"publish","type":"post","link":"https:\/\/ceas.org.pe\/index.php\/2015\/05\/28\/oscar-romero-y-coritas\/","title":{"rendered":"Oscar Romero y C\u00f3ritas"},"content":{"rendered":"<p>\u00bfQui\u00e9n fue \u00d3scar Romero?<\/p>\n<div>\u00a0<\/div>\n<div>\u00d3scar Romero fue arzobispo de San Salvador, de 1977 hasta que fue asesinado, en 1980. Al principio, fue considerado una opci\u00f3n conservadora como arzobispo, sin embargo, con el tiempo, cada vez denunciaba con mayor frecuencia las violaciones de los derechos humanos en El Salvador \u2013 sobre todo despu\u00e9s del asesinato de su \u00edntimo amigo, el padre Rutilio Grande, en marzo de 1977.\u2028\u2028 Durante sus tres a\u00f1os como arzobispo, Romero denunci\u00f3 reiteradamente la violencia y se pronunci\u00f3 a favor de las v\u00edctimas de la guerra civil. En un momento de fuerte censura de la prensa, sus programas de radio semanales eran a menudo la \u00fanica manera para la gente pudiera conocer la verdad sobre las atrocidades que estaban ocurriendo en el pa\u00eds. Defendi\u00f3 el derecho de los pobres a exigir un cambio pol\u00edtico, una posici\u00f3n que lo convirti\u00f3 en un adversario problem\u00e1tico para los gobernantes del pa\u00eds.<\/div>\n<div>\u00a0<\/div>\n<div>Un mes antes de su asesinato, Romero escribi\u00f3 al presidente Jimmy Carter, instando a EE.UU. a que dejara de apoyar al gobierno salvadore\u00f1o e interrumpiera su suministro de armas y asesores militares. Y el d\u00eda antes de su asesinato, inst\u00f3 a los soldados y polic\u00edas no seguir las \u00f3rdenes de matar a civiles, y a que detuvieran la represi\u00f3n: \u201cLos campesinos que ustedes matan son sus propios hermanos y hermanas\u201d, predicaba Mons. Romero. \u201cCuando oiga usted a un hombre diciendo que mates, recuerde las palabras de Dios:\u201dno matar\u00e1s \u201c. En el nombre de Dios y en nombre de este sufrido pueblo, cuyos lamentos suben hasta el cielo cada d\u00eda m\u00e1s tumultuosos, les suplico, les ruego, les ordeno, en nombre de Dios: cesen la represi\u00f3n\u201c.<\/div>\n<div>\u00a0<\/div>\n<div>Monse\u00f1or Romero fue asesinado a tiros, el 24 de marzo de 1980, a los 62 a\u00f1os de edad, mientras celebraba Misa. En la d\u00e9cada sucesiva, unos 70.000 salvadore\u00f1os murieron durante la guerra civil.<\/div>\n<div>\u00a0<\/div>\n<div><strong>\u00bfPor qu\u00e9 es una figura importante a conmemorar?<\/strong><\/div>\n<div>\u00a0<\/div>\n<div>Monse\u00f1or Romero fue una de las figuras m\u00e1s notables del siglo XX y merece ser conmemorado junto a otras de igual carisma, como Martin Luther King y Mahatma Gandhi, como gran pacificador que sacrific\u00f3 su vida combatiendo injusticias. El mundo de hoy necesita desesperadamente m\u00e1s figuras como Romero \u2013 l\u00edderes con coraje, fe y amor, para luchar por los pobres contra la injusticia.<\/div>\n<div>\u00a0<\/div>\n<div>Romero es, en particular, una figura de inspiraci\u00f3n para cientos de millones de cat\u00f3licos, de todo el mundo. \u00c9l no se limitaba a hablar de la necesidad de amar al pr\u00f3jimo, sino que, con valent\u00eda, denunciaba \u00a0las injusticias que plagaban su pa\u00eds. Nos recordaba que Cristo se encuentra en las personas que viven en la pobreza, y que no podemos ignorar el sufrimiento de nuestros hermanos y hermanas necesitados.\u2028\u2028Todos podemos celebrar el legado de Romero, siguiendo su ejemplo: desafiando la injusticia donde quiera que est\u00e9 y neg\u00e1ndonos a permanecer en silencio, sobre los problemas que mantienen a las personas en situaci\u00f3n de pobreza. Por ejemplo, el cambio clim\u00e1tico es una gran amenaza a la reducci\u00f3n de la pobreza, en el mundo de hoy. Por este motivo, CAFOD ha puesto en marcha una importante campa\u00f1a sobre este tema.<\/div>\n<div>\u00a0<\/div>\n<div><strong>\u00bfQu\u00e9 significa la beatificaci\u00f3n de Mons. Romero \u00a0y cu\u00e1ndo tendr\u00e1 lugar?<\/strong><\/div>\n<div>\u00a0<\/div>\n<div>La beatificaci\u00f3n, o declaraci\u00f3n de alguien como \u201cbeato\u201d, es el preludio necesario a la plena canonizaci\u00f3n. En febrero de 2015, el Papa anunci\u00f3 que Romero muri\u00f3 como m\u00e1rtir, abriendo el camino para su beatificaci\u00f3n. La proclamaci\u00f3n del Papa sigui\u00f3 una declaraci\u00f3n de los te\u00f3logos de la Congregaci\u00f3n para las Causas de los Santos, en enero, que afirmaron que Romero fue asesinado por \u201codio a la fe\u201d. A diferencia de otros candidatos a la beatificaci\u00f3n, las personas que han sido asesinados por odio a la fe pueden ser beatificados sin necesidad de que se les atribuya un milagro.\u2028\u2028El Vaticano ha anunciado que Romero ser\u00e1 beatificado, en El Salvador, el 23 de mayo de 2015.\u2028\u2028Tampoco hay una fecha fijada para la canonizaci\u00f3n de Romero, que es la etapa final del proceso: cuando sea declarado santo.<\/div>\n<div>\u00a0<\/div>\n<div><strong>\u00bfCu\u00e1l es el enlace entre Romero y Caritas?<\/strong><\/div>\n<div>\u00a0<\/div>\n<div>En la d\u00e9cada de 1970, CAFOD (Miembro de Caritas en Inglaterra y Gales) financiaba los famosos programas de radio de Romero, que \u2013 en una \u00e9poca de fuerte censura en la prensa \u2013 a menudo eran el \u00fanico medio para que la poblaci\u00f3n salvadore\u00f1a conociera la verdad sobre las atrocidades que ocurr\u00edan en el pa\u00eds. Cuando estallo una bomba en la estaci\u00f3n radio de Romero, CAFOD facilit\u00f3 fondos para reconstruirla. CAFOD tambi\u00e9n ayud\u00f3 a financiar la asistencia facilitada por la Iglesia a miles de personas que hab\u00edan huido de sus hogares, debido a la violencia.\u2028\u2028Despu\u00e9s del martirio de Mons. Romero, el personal de CAFOD solicit\u00f3 con \u00e9xito a la autoridad competente que cambiara el nombre de la calle Brixton, donde se encontraban su sede, por el de \u2018Romero Close\u2019. \u00a0Y cuando CAFOD se traslad\u00f3 a una nueva sede, en 2009, la misma fue denominada \u2018Romero House\u2019 (Casa de Romero).\u2028\u2028El personal de CAFOD, sus asociados y simpatizantes, han estado en la vanguardia de la campa\u00f1a por la beatificaci\u00f3n de Mons. Romero y siguen estando inspirados por su trabajo. En todo el mundo, CAFOD trabaja con l\u00edderes de la Iglesia y otros asociados que denuncian injusticias en sus respectivos pa\u00edses. En el Reino Unido, los simpatizantes de CAFOD est\u00e1n actualmente haciendo una campa\u00f1a sobre las injusticias provocadas por el cambio clim\u00e1tico \u2013 que es la mayor amenaza a la reducci\u00f3n de la pobreza en el mundo de hoy.<\/div>\n<div>\u00a0<\/div>\n<div><strong>\u00bfCu\u00e1l es la situaci\u00f3n en El Salvador hoy?<\/strong><\/div>\n<div>\u00a0<\/div>\n<div>De 1980 a 1992, El Salvador sufri\u00f3 una violenta guerra civil, en la murieron unas 70.000 personas. La desigualdad entre ricos y pobres fue una de las causas fundamentales de la guerra. La mayor\u00eda de los salvadore\u00f1os viv\u00eda en la extrema pobreza, mientras que un peque\u00f1o n\u00famero de familias controlaba gran parte de la riqueza y el poder pol\u00edtico del pa\u00eds.<\/div>\n<div>\u00a0<\/div>\n<div>Hoy en d\u00eda, El Salvador es un pa\u00eds m\u00e1s democr\u00e1tico y probablemente Romero se complacer\u00eda viendo lo que est\u00e1 sucediendo all\u00ed. En 2013, un gobierno con conciencia civil sucedi\u00f3 pac\u00edficamente a otro y se est\u00e1 tratando de implementar con determinaci\u00f3n pol\u00edticas que Romero aprobar\u00eda, como: la reforma fiscal, uniformes y libros escolares gratuitos para los ni\u00f1os, la financiaci\u00f3n de cooperativas y otros programas sociales.<\/div>\n<div>\u00a0<\/div>\n<div>Sin embargo, El Salvador sigue siendo un pa\u00eds lleno de desigualdades, todav\u00eda hay graves problemas relacionados con la violencia de las pandillas y la delincuencia organizada, junto con la constante amenaza de terremotos, inundaciones y huracanes devastadores.<\/div>\n<div>\u00a0<\/div>\n<div><strong>\u00bfQu\u00e9 hace hoy Caritas en El Salvador?\u2028<\/strong><\/div>\n<div>\u00a0<\/div>\n<div>Caritas sigue trabajando en El Salvador, ayudando a los campesinos a mejorar sus cultivos, a las comunidades en la reducci\u00f3n del riesgo de cat\u00e1strofes, facilitando asistencia a personas que viven con el VIH, promoviendo la paz en comunidades afectadas por la violencia, defendiendo los derechos humanos y tratando de crear una sociedad m\u00e1s justa.<\/div>\n<div>\u00a0<\/div>\n<div>Fuente: caritaslatinoamerica.org<\/div>\n<p><a href=\"http:\/\/web.hilo.org.pe\/wp-content\/uploads\/oscarromero.jpg\" target=\"_blank\" rel=\"noopener\">Ver archivo adjunto<\/a><\/p>\n","protected":false},"excerpt":{"rendered":"<p>?Qui?n fue ?scar Romero?<\/p>\n<p>?scar Romero fue arzobispo de San Salvador, de 1977 hasta que fue asesinado, en 1980. Al principio, fue considerado una opci?n conservadora como arzobispo, sin embargo, con el tiempo, cada vez denunciaba con mayor frecuencia las violaciones de los derechos humanos en El Salvador ? sobre todo despu?s del asesinato de su ?ntimo amigo, el padre Rutilio Grande, en marzo de 1977.&#8232;&#8232;<\/p>\n","protected":false},"author":1,"featured_media":8062,"comment_status":"closed","ping_status":"closed","sticky":false,"template":"","format":"standard","meta":{"footnotes":""},"categories":[9],"tags":[],"class_list":["post-2345","post","type-post","status-publish","format-standard","has-post-thumbnail","hentry","category-noticias"],"_links":{"self":[{"href":"https:\/\/ceas.org.pe\/index.php\/wp-json\/wp\/v2\/posts\/2345","targetHints":{"allow":["GET"]}}],"collection":[{"href":"https:\/\/ceas.org.pe\/index.php\/wp-json\/wp\/v2\/posts"}],"about":[{"href":"https:\/\/ceas.org.pe\/index.php\/wp-json\/wp\/v2\/types\/post"}],"author":[{"embeddable":true,"href":"https:\/\/ceas.org.pe\/index.php\/wp-json\/wp\/v2\/users\/1"}],"replies":[{"embeddable":true,"href":"https:\/\/ceas.org.pe\/index.php\/wp-json\/wp\/v2\/comments?post=2345"}],"version-history":[{"count":1,"href":"https:\/\/ceas.org.pe\/index.php\/wp-json\/wp\/v2\/posts\/2345\/revisions"}],"predecessor-version":[{"id":6873,"href":"https:\/\/ceas.org.pe\/index.php\/wp-json\/wp\/v2\/posts\/2345\/revisions\/6873"}],"wp:featuredmedia":[{"embeddable":true,"href":"https:\/\/ceas.org.pe\/index.php\/wp-json\/wp\/v2\/media\/8062"}],"wp:attachment":[{"href":"https:\/\/ceas.org.pe\/index.php\/wp-json\/wp\/v2\/media?parent=2345"}],"wp:term":[{"taxonomy":"category","embeddable":true,"href":"https:\/\/ceas.org.pe\/index.php\/wp-json\/wp\/v2\/categories?post=2345"},{"taxonomy":"post_tag","embeddable":true,"href":"https:\/\/ceas.org.pe\/index.php\/wp-json\/wp\/v2\/tags?post=2345"}],"curies":[{"name":"wp","href":"https:\/\/api.w.org\/{rel}","templated":true}]}}