{"id":2341,"date":"2015-05-26T10:29:08","date_gmt":"2015-05-26T10:29:08","guid":{"rendered":""},"modified":"2026-03-11T09:12:13","modified_gmt":"2026-03-11T14:12:13","slug":"se-inicio-campaoa-el-pero-con-loreto","status":"publish","type":"post","link":"https:\/\/ceas.org.pe\/index.php\/2015\/05\/26\/se-inicio-campaoa-el-pero-con-loreto\/","title":{"rendered":"Se inici\u00f3 campa\u00f3a El Per\u00f3 con Loreto"},"content":{"rendered":"<p>Con el lema #ElPer\u00faconLoreto el Fondo de las Naciones Unidas para la Infancia, sus embajadores nacionales y amigos hicieron un llamado para que los peruanos no se mantengan de espaldas a lo que sucede en la regi\u00f3n amaz\u00f3nica y le extiendan su brazo solidario a los 150 mil loretanos que &#8211; producto de las inundaciones &#8211; han resultado damnificados o afectados.<\/p>\n<p>Durante la conferencia el Gobernador Regional de Loreto, Fernando Mel\u00e9ndez Celis, inform\u00f3 que al 19 de mayo hay 13,735 personas damnificadas y 138,766 afectadas; que 14,866 hect\u00e1reas de cultivos han quedado destruidas y 9,576 hect\u00e1reas est\u00e1n seriamente afectadas.<\/p>\n<div>Con la voz entrecortada y tras agradecer en nombre de su regi\u00f3n a UNICEF y sus embajadores por la movilizaci\u00f3n #ElPer\u00faconLoreto, Mel\u00e9ndez se\u00f1al\u00f3 que a pesar de que el 33% del territorio nacional es amaz\u00f3nico muchas veces sienten que el resto del pa\u00eds est\u00e1 poco interesado en lo que ah\u00ed sucede.<\/div>\n<div>\u00a0<\/div>\n<div>\u201cLa Amazon\u00eda solo quiere una vida digna; y vida digna es darle a la poblaci\u00f3n (y a sus ni\u00f1ez) vivienda adecuada, servicios b\u00e1sicos, educaci\u00f3n, salud y medios para preservar su econom\u00eda y eso no es dif\u00edcil de lograr, solo se requiere de uni\u00f3n y voluntad\u201d, dijo Mel\u00e9ndez Celis.<\/div>\n<div>En otro momento de la conferencia, Olga Isaza, Representante Adjunta de UNICEF, explic\u00f3 que luego de visitar distintas provincias de la Regi\u00f3n, UNICEF ha decidido iniciar la movilizaci\u00f3n #ElPer\u00faconLoreto porque considera imprescindible que el pa\u00eds conozca los diversos problemas que est\u00e1n viviendo las familias de la regi\u00f3n, especialmente los ni\u00f1os y ni\u00f1as.<\/div>\n<div>\u00a0<\/div>\n<div>\u00a0<\/div>\n<div>\u201cNo es exagerado decir que no hay tierra firme. Como ustedes saben, en muchas comunidades rurales de la Amazon\u00eda la ribera de los r\u00edos y las letrinas comunitarias son los servicios higi\u00e9nicos que se conocen. Imaginen ustedes lo que sucede cuando los r\u00edos se desbordan. Los ni\u00f1os y sus familias que se han quedado en sus comunidades est\u00e1n en permanente contacto con esas aguas contaminadas. Los que han emigrado est\u00e1n viviendo en albergues y carpas\u201d, coment\u00f3 Isaza.<\/div>\n<div>\u00a0<\/div>\n<div>La Representante Adjunta de UNICEF precis\u00f3 que estas inundaciones ponen el serio peligro la salud, la protecci\u00f3n y la educaci\u00f3n de la ni\u00f1ez loretana, porque el contacto con las aguas contaminadas y el dif\u00edcil acceso a agua segura expone a ni\u00f1os y ni\u00f1as a contraer infecciones d\u00e9rmicas, estomacales y respiratorias, as\u00ed como a contraer enfermedades como el dengue y la malaria.<\/div>\n<div>\u00a0<\/div>\n<div>De igual forma, destac\u00f3 que las autoridades han puesto en pr\u00e1ctica las lecciones aprendidas en la emergencia del 2012. \u201cAquella vez las escuelas se convirtieron en albergues. Esto dej\u00f3 a los ni\u00f1os sin dos espacios protectores importantes su casa y su colegio. Este a\u00f1o ninguna escuela se ha convertido en albergue. Esta es una forma de garantizar el derecho a la educaci\u00f3n incluso en temporada de emergencia\u201d, coment\u00f3 Isaza.<\/div>\n<div>\u00a0<\/div>\n<div>Durante la conferencia los Embajadores de UNICEF, M\u00f3nica S\u00e1nchez, Dina P\u00e1ucar y Marco Zunino anunciaron que han decidido promover la movilizaci\u00f3n social #ElPer\u00faconLoreto para hacer visible la situaci\u00f3n de emergencia y promover la solidaridad del pa\u00eds con la regi\u00f3n.<\/div>\n<div>\u201cLoreto es el pulm\u00f3n del mundo. Recordemos que en ese pulm\u00f3n hay ni\u00f1os y ni\u00f1as que est\u00e1n en situaci\u00f3n de riesgo. No los dejemos solos\u201d, coment\u00f3 M\u00f3nica S\u00e1nchez.<\/div>\n<div>Durante la conferencia se present\u00f3 un video producido por la actriz y amiga de UNICEF Mayra Couto quien recientemente visit\u00f3 algunas de las comunidades loretanas m\u00e1s afectadas. El video puede verse en https:\/\/www.youtube.com\/watch?v=PMsMw27hkDM<\/div>\n<div>Personalidades se suman a #ElPer\u00faconLoreto<\/div>\n<div>\u00a0<\/div>\n<div>\u00a0<\/div>\n<div>\u00a0<\/div>\n<div>Entre las personalidades p\u00fablicas que se han sumado a esta movilizaci\u00f3n est\u00e1n los artistas Luis \u00c1ngel Pinasco, Ismael La Rosa, Mayra Couto, Virna Flores, Paco Bardales, Dorian Fern\u00e1ndez y Jason Day.<\/div>\n<div>\u00a0<\/div>\n<div>Al momento de su intervenci\u00f3n Pinasco, quien es natural de Iquitos, agradeci\u00f3 a UNICEF y sus embajadores por promover que el pa\u00eds ponga sus ojos en las dificultades que enfrenta Loreto. \u201cHist\u00f3ricamente Loreto ha permanecido olvidado. Cuando yo era chico, el diario de noticias llegaba una vez a la semana en el \u00fanico vuelo que arribaba a Iquitos; escuch\u00e1bamos s\u00f3lo las radios de Brasil. Hoy, gracias a la globalizaci\u00f3n y la tecnolog\u00eda, Loreto est\u00e1 m\u00e1s conectado, pero falta mucho por hacer para que mejoren las condiciones de vida de las familias loretanas. Estar bajo el chorro de la ducha diez minutos es gratificante, pero vivir semanas tras semanas bajo una lluvia torrencial puede ser terrible\u201d, coment\u00f3.<\/div>\n<div>\u00a0<\/div>\n<div>Por su parte el actor Ismael La Rosa, coment\u00f3 que la localidad de Manacamiri, donde fue rodada la pel\u00edcula Desaparecer actualmente est\u00e1 inundada. \u201cEs duro saber que esas familias que nos acogieron c\u00e1lidamente durante el mes que estuvimos rodando la pel\u00edcula hoy la est\u00e1n pasando tan mal. Por ello, hemos decidido sumarnos a #ElPer\u00faconLoreto realizando una funci\u00f3n ben\u00e9fica de la pel\u00edcula Desaparecer, anunci\u00f3.<\/div>\n<div>\u00a0<\/div>\n<div><strong>Tendencia en Twitter<\/strong><\/div>\n<div>\u00a0<\/div>\n<div>Apenas unas horas despu\u00e9s de lanzada la movilizaci\u00f3n, UNICEF Per\u00fa se convirti\u00f3 en tendencia en Lima a trav\u00e9s de Twitter. Esto gracias a que reconocidos periodistas y artistas se sumaron a #ElPer\u00faconLoreto (tambi\u00e9n tendencia) a trav\u00e9s www.twitter.com\/unicefperu.<\/div>\n<div>\u00a0<\/div>\n<div><strong>Acciones de UNICEF en Loreto<\/strong><\/div>\n<div>\u00a0<\/div>\n<div>Actualmente UNICEF est\u00e1 brindando su asistencia t\u00e9cnica al Gobierno Regional y a los gobiernos locales para la atenci\u00f3n de la emergencia. Adem\u00e1s est\u00e1 movilizando recursos econ\u00f3micos a trav\u00e9s de una campa\u00f1a de recaudaci\u00f3n de fondos por v\u00eda telef\u00f3nica (marca 14180 opci\u00f3n 1 desde un tel\u00e9fono fijo) y a trav\u00e9s de su cuenta en el BCP 193-0047766-0-83 o donando directamente a trav\u00e9s de este enlace: http:\/\/bit.ly\/ayudaparaloreto.<\/div>\n<div>\u00a0<\/div>\n<div>Con estos fondos apoyar\u00e1 la construcci\u00f3n de letrinas, la creaci\u00f3n de espacios seguros para el juego y la recuperaci\u00f3n emocional de la ni\u00f1ez afectada.<\/div>\n<div>\u00a0<\/div>\n<div>Tambi\u00e9n est\u00e1 promoviendo acciones de prevenci\u00f3n de enfermedades recurrentes en \u00e9poca de inundaciones como el dengue y la malaria. Encuentre im\u00e1genes de la emergencia en http:\/\/we.tl\/rp4tZecX5b \u00a0<\/div>\n<div>\u00a0<\/div>\n<div>Para mayor informaci\u00f3n en UNICEF, por favor contactar a Maril\u00fa Wiegold, tel\u00e9fono 613-0706, celular 99757-3218, e-mail mwiegold@unicef.org y Sandra Esqu\u00e9n, tel\u00e9fono 6130712, celular 99901-7866, e-mail sesquen@unicef.org \u00a0<\/div>\n<div>\u00a0<\/div>\n<div>Fuente: unicef.org<\/div>\n<div>\u00a0<\/div>\n<p><a href=\"http:\/\/web.hilo.org.pe\/wp-content\/uploads\/UNICEF.png\" target=\"_blank\" rel=\"noopener\">Ver archivo adjunto<\/a><\/p>\n","protected":false},"excerpt":{"rendered":"<p>Con el lema #ElPer?conLoreto el Fondo de las Naciones Unidas para la Infancia, sus embajadores nacionales y amigos hicieron un llamado para que los peruanos no se mantengan de espaldas a lo que sucede en la regi?n amaz?nica y le extiendan su brazo solidario a los 150 mil loretanos que &#8211; producto de las inundaciones &#8211; han resultado damnificados o afectados.<\/p>\n","protected":false},"author":1,"featured_media":0,"comment_status":"closed","ping_status":"closed","sticky":false,"template":"","format":"standard","meta":{"footnotes":""},"categories":[9],"tags":[],"class_list":["post-2341","post","type-post","status-publish","format-standard","hentry","category-noticias"],"_links":{"self":[{"href":"https:\/\/ceas.org.pe\/index.php\/wp-json\/wp\/v2\/posts\/2341","targetHints":{"allow":["GET"]}}],"collection":[{"href":"https:\/\/ceas.org.pe\/index.php\/wp-json\/wp\/v2\/posts"}],"about":[{"href":"https:\/\/ceas.org.pe\/index.php\/wp-json\/wp\/v2\/types\/post"}],"author":[{"embeddable":true,"href":"https:\/\/ceas.org.pe\/index.php\/wp-json\/wp\/v2\/users\/1"}],"replies":[{"embeddable":true,"href":"https:\/\/ceas.org.pe\/index.php\/wp-json\/wp\/v2\/comments?post=2341"}],"version-history":[{"count":1,"href":"https:\/\/ceas.org.pe\/index.php\/wp-json\/wp\/v2\/posts\/2341\/revisions"}],"predecessor-version":[{"id":6877,"href":"https:\/\/ceas.org.pe\/index.php\/wp-json\/wp\/v2\/posts\/2341\/revisions\/6877"}],"wp:attachment":[{"href":"https:\/\/ceas.org.pe\/index.php\/wp-json\/wp\/v2\/media?parent=2341"}],"wp:term":[{"taxonomy":"category","embeddable":true,"href":"https:\/\/ceas.org.pe\/index.php\/wp-json\/wp\/v2\/categories?post=2341"},{"taxonomy":"post_tag","embeddable":true,"href":"https:\/\/ceas.org.pe\/index.php\/wp-json\/wp\/v2\/tags?post=2341"}],"curies":[{"name":"wp","href":"https:\/\/api.w.org\/{rel}","templated":true}]}}