{"id":2340,"date":"2015-05-26T10:25:08","date_gmt":"2015-05-26T10:25:08","guid":{"rendered":""},"modified":"2026-03-11T09:12:13","modified_gmt":"2026-03-11T14:12:13","slug":"encuentro-mundial-de-jovenes-contra-la-violencia-y-la-esclavitud-2","status":"publish","type":"post","link":"https:\/\/ceas.org.pe\/index.php\/2015\/05\/26\/encuentro-mundial-de-jovenes-contra-la-violencia-y-la-esclavitud-2\/","title":{"rendered":"Encuentro Mundial de J\u00f3venes contra la Violencia y la Esclavitud"},"content":{"rendered":"<p>Del 9 al 10 de mayo de 2015 se llev\u00f3 a cabo en Villa Mar\u00eda, provincia de C\u00f3rdoba (Argentina) el Encuentro Mundial de J\u00f3venes contra la Violencia y la Esclavitud, organizado por la ONG V\u00ednculos en Red, la Universidad Nacional de Villa Mar\u00eda y la Academia Pontificia para las Ciencias Sociales del Vaticano, auspiciado por la Acci\u00f3n Cat\u00f3lica Argentina, por la Municipalidad de Villa Mar\u00eda y por el Gobierno de la Provincia de C\u00f3rdoba.<\/p>\n<div>\u00a0<\/div>\n<div>Seg\u00fan informaron los organizadores, los objetivos se centraron en:<\/div>\n<div>\u00a0<\/div>\n<div>generar un proceso comunitario de sensibilidad y trabajo entre los j\u00f3venes del mundo;<\/div>\n<div>formar facilitadores para desarrollar formaci\u00f3n, concientizaci\u00f3n y prevenci\u00f3n;<\/div>\n<div>brindar herramientas cognitivas y vivenciales para que los j\u00f3venes sean protagonistas de las transformaciones<\/div>\n<div>y formular un llamado conjunto para la acci\u00f3n a otros j\u00f3venes, a los Estados y a organizaciones de la sociedad civil<\/div>\n<div>En el acto de apertura participaron monse\u00f1or Marcelo S\u00e1nchez Sorondo \u2500\u2500Canciller de la Academia Pontificia para las Ciencias Sociales\u2500\u2500, el obispo local monse\u00f1or Samuel Jofr\u00e9 Giraudo , el intendente Eduardo Accastello, Alicia Peresutti (fundadora de V\u00ednculos en red), Emilio Inzaurraga \u2500\u2500Presidente de la Acci\u00f3n Cat\u00f3lica Argentina y coordinador del FIAC, Foro Internacional de Acci\u00f3n Cat\u00f3lica\u2500\u2500, la rectora de la Universidad Nacional de Villa Mar\u00eda Cecilia Conci.<\/div>\n<div>\u00a0<\/div>\n<div>Tambi\u00e9n estuvieron presentes el diputado nacional Martin Gil, el Rector de la Universidad Nacional de Rosario Dar\u00edo Maiorana y representantes del Gobierno de la provincia de C\u00f3rdoba, entre otras autoridades .<\/div>\n<div>\u00a0<\/div>\n<div>Monse\u00f1or S\u00e1nchez Sorondo fue portador del saludo del Papa Francisco y reflexion\u00f3 sobre las bienaventuranzas evang\u00e9licas, como contenido de la convocatoria del Santo Padre a los j\u00f3venes a \u201chacer l\u00edo\u201d y a trabajar para erradicar las \u201cnuevas formas de esclavitud\u201d.<\/div>\n<div>\u00a0<\/div>\n<div>Participaron numerosas delegaciones de j\u00f3venes de varios puntos del pa\u00eds y del exterior, \u00a0en dos d\u00edas de intercambio en diversos talleres, \u00a0que expusieron \u00a0la dura realidad del flagelo de las nuevas esclavitudes, con distintas miradas a partir de la experiencia de especialistas y testimonios de v\u00edctimas recuperadas.\u00a0<\/div>\n<div>\u00a0<\/div>\n<div>Entre ellos participaron las dirigentes nacionales ACA Lucila Rodr\u00edguez (\u00c1rea Aspirantes) y \u00a0Claudia Carbajal (secretaria acad\u00e9mica del IFPS), junto a varios dirigentes de la Acci\u00f3n Cat\u00f3lica de Villa Mar\u00eda con su presidenta Estefan\u00eda Rodr\u00edguez y Yanina Basilico miembro de la AC y colaboradora de la ONG V\u00ednculos en red, miembros del \u00c1rea Adultos y Pedro Inzaurraga, dirigente parroquial de la di\u00f3cesis bonaerense de San Mart\u00edn.<\/div>\n<div>\u00a0<\/div>\n<div>Alicia Peressutti dirige desde hace 18 a\u00f1os la ONG V\u00ednculos en Red que tiene el objetivo de rescatar, contener y reinsertar en la sociedad a personas v\u00edctimas de trata y a partir de la acci\u00f3n impulsada por el Papa Francisco un a\u00f1o atr\u00e1s en la Santa Sede para poner en la agenda internacional esta acuciante realidad, ha promovido este encuentro .<\/div>\n<div>\u00a0<\/div>\n<div>\u201cLos j\u00f3venes est\u00e1n ac\u00e1 porque rompieron con la indiferencia generalizada del \u2018no te met\u00e1s\u2019 y quieren ser protagonistas\u201d, dijo Emilio Inzaurraga al ver el trabajo en los talleres, \u201cporque no estamos conformes con c\u00f3mo van las cosas y con la \u00a0tolerancia social a estos delitos, que va adormeciendo nuestra conciencia y paralizando nuestro coraz\u00f3n y nuestras manos. No se cambia lo que se tolera y hoy estamos ac\u00e1 para buscar caminos juntos, para estar del lado de las v\u00edctimas, para testimoniar nuestro NO a la esclavitud y a la violencia en la sociedad de la que somos parte\u201d.\u00a0<\/div>\n<div>\u00a0<\/div>\n<div><strong>CASA PARA JOVENES RECUPERADAS<\/strong><\/div>\n<div>\u00a0<\/div>\n<div>Los dirigentes de las distintas instituciones participaron tambi\u00e9n de la bendici\u00f3n \u2500\u2500que realiz\u00f3 Mons. S\u00e1nchez Sorondo\u2500\u2500 de las obras de una casa que est\u00e1 construyendo la ONG V\u00ednculos en Red que albergar\u00e1 a j\u00f3venes recuperadas de la trata de personas. \u00a0Emilio Inzaurraga y Estefan\u00eda Rodr\u00edguez le entregaron, en nombre de la ACA, dos cuadros de Santa Josefina Bakhita (esclava-religiosa- africana &#8211; santa) y de la Madre Antula (laica consagrada de Santiago del Estero \u2013 Sierva de Dios) a quienes encomendaron la obra que llevan adelante.\u00a0<\/div>\n<div>\u00a0<\/div>\n<div><strong>PLAZA DE LA NTERCULTURALIDAD<\/strong><\/div>\n<div>\u00a0<\/div>\n<div>En el marco de encuentro tambi\u00e9n se inaugur\u00f3, en la Universidad de Villa Mar\u00eda, \u00a0una plaza como espacio para favorecer la cultura del encuentro y las expresiones de distintas culturas y se descubri\u00f3 una escultura de la artista local<\/div>\n<div>\u00a0<\/div>\n<div>Como gesto se invit\u00f3 a todos los presentes a colocar cintas de distintos colores en los \u00e1rboles de la plaza.\u00a0<\/div>\n<div>\u00a0<\/div>\n<div><strong>TALLERES Y TESTIMONIOS<\/strong><\/div>\n<div>\u00a0<\/div>\n<div>Compartimos algunos de los testimonios en los talleres realizados durante las jornadas.\u00a0<\/div>\n<div>\u00a0<\/div>\n<div><strong>Sharmila Albert DSouza &#8211;<\/strong> India<\/div>\n<div>\u00a0<\/div>\n<div>Congregaci\u00f3n Hnas. De Mar\u00eda Inmaculada<\/div>\n<div>\u00a0<\/div>\n<div>Comparti\u00f3 las grandes desigualdades y crueldades a que son sometidas las mujeres en un pueblo donde el patriarcado decide sobre el destino de cada una de ellas. Privadas de salir a la calle sin la compa\u00f1\u00eda de un var\u00f3n, decidir sobre sus estudios, casadas a corta edad por arreglos entre varones de igual casta, asesinadas por diferir en cuanto a las costumbres de sus mayores o por tomar decisiones propias, las mujeres hind\u00faes son v\u00edctimas de la esclavitud y de la violencia de g\u00e9nero, sobre la cual hay que incidir para poder cambiar la cultura y la pol\u00edtica india a fin de que se recupere el lugar respetado que la mujer hind\u00fa ten\u00eda en la sociedad de la antig\u00fcedad. Inst\u00f3 a los participantes a conocer y a comprometerse en la lucha por los derechos humanos y los derechos de la mujer.\u00a0<\/div>\n<div>\u00a0<\/div>\n<div><strong>Alika Kinan &#8211;<\/strong> Argentina\u00a0<\/div>\n<div>\u00a0<\/div>\n<div>Sobreviviente de la trata de personas<\/div>\n<div>\u00a0<\/div>\n<div>El testimonio de Alika Kinan de 38 a\u00f1os, v\u00edctima de trata recuperada fue el eje de este taller conmovedor y en primera persona, de esta mujer, que con una capacidad asombrosa de resilencia, \u00a0comparti\u00f3 a lo largo de 50 minutos la desgarrante historia de abuso y explotaci\u00f3n a la que fue sometida desde los 14 a\u00f1os \u00a0donde fue violada por un familiar, dentro de una familia en que la prostituci\u00f3n era validada. \u00a0Su padre, sus t\u00edos estaban vinculados a la prostituci\u00f3n, as\u00ed como su abuela, sus t\u00edas y su madre que al abandonarlas a los 15 a\u00f1os junto a su hermana de 9, la empuj\u00f3 a un camino de esclavitud del que ha podido escapar hace tan solo 3 a\u00f1os.<\/div>\n<div>\u00a0<\/div>\n<div>Ushuaia y Espa\u00f1a fueron el escenario de una historia cruel que hoy se atreve a contar, en primer lugar por sus cinco hijos y en segundo lugar para \u00a0concientizar y luchar contra la trata de personas.<\/div>\n<div>\u00a0<\/div>\n<div>\u00abNadie es prostituta porque quiere, eso es una mentira.\u00bb \u00abLa prostituci\u00f3n es un delito y los proxenetas -c\u00f3mplices con el poder- son delincuentes\u00bb, \u00abel alcohol, la droga forman parte de la red que prostituye\u00bb, \u00bb hay que educar para que entienda que la mujer no es un objeto de consumo\u00bb, \u00a0\u00abel Estado tiene que hacerse cargo para terminar con la trata y \u00a0para dar soluciones dignas para que las v\u00edctimas recuperadas no vuelvan a caer en las redes de la trata\u00bb fueron entre tantos otros los conceptos que dispararon el di\u00e1logo entre los participantes.<\/div>\n<div>\u00a0<\/div>\n<div>En medio del intercambio con un auditorio integrado mayoritariamente por j\u00f3venes \u00a0que emocionados y en un silencio profundo la escucharon, Alika \u00a0expres\u00f3 \u00abllevo en mi cuerpo las heridas de la esclavitud (y las rese\u00f1a una por una) pero lo peor y que no cura son las heridas que llevo en el alma\u00bb (se quiebra) agradezco al Papa Francisco que ponga en agenda y visibilice este flagelo\u00bb y deseo que el \u00abpedacito de m\u00ed que se llevan hoy ayude a que sean capaces de cuidarse y luchar para que se termine esto\u00bb.<\/div>\n<div>\u00a0<\/div>\n<div><strong>Rosi Orozco \u2013<\/strong> M\u00e9xico<\/div>\n<div>\u00a0<\/div>\n<div>Ex Diputada Federal &#8211; Presidenta Unidos vs. Trata<\/div>\n<div>\u00a0<\/div>\n<div>En la C\u00e1mara de Diputados trabaj\u00f3 para que el tema de trata de personas fuera conocido y combatido. En primer lugar logr\u00f3 la creaci\u00f3n de la Comisi\u00f3n Especial de Lucha contra la Trata de Personas, que nunca hab\u00eda existido en M\u00e9xico; posteriormente, logr\u00f3 el consenso de m\u00e1s de doscientos diputados, para aprobar una nueva Ley en Materia de Trata de Personas cuyo enfoque se centrara en la atenci\u00f3n a las v\u00edctimas y castigara severamente a quienes participaban de este delito, as\u00ed como que cumpliera con los est\u00e1ndares internacionales y convenios que M\u00e9xico tiene suscritos con las instancias internacionales.<\/div>\n<div>\u00a0<\/div>\n<div>\u201cMe met\u00ed en la pol\u00edtica para poder sacar la ley contra la trata de personas, fui diputada federal para ayudar a las v\u00edctimas\u201d<\/div>\n<div>\u00a0<\/div>\n<div>\u201cDe los 32 estados de M\u00e9xico, actualmente 11 persiguen el delito y dan protecci\u00f3n y asistencia a las victimas.\u201d<\/div>\n<div>\u00a0<\/div>\n<div>Una vez que termin\u00f3 su periodo como Diputada Federal, fund\u00f3 la Asociaci\u00f3n Civil, Comisi\u00f3n Unidos Vs. Trata, de la que actualmente es presidenta. Desde esta Comisi\u00f3n, reune a empresarios, asociaciones, personajes destacados de la vida p\u00fablica, etc. para hacer un frente unido para combatir la trata de personas desde diferentes esferas.<\/div>\n<div>\u00a0<\/div>\n<div>\u201cAhora desde la sociedad civil creo que podemos avanzar m\u00e1s, la soluci\u00f3n no est\u00e1 solo en el gobierno, a muchos pol\u00edticos les interesa m\u00e1s su puesto que las victimas.\u201d<\/div>\n<div>\u00a0<\/div>\n<div>\u201cEstos encuentros nos ayudan tambi\u00e9n a protegernos. Estar en distintos pa\u00edses, en distintos medios, acompa\u00f1ados ahora por el Papa Francisco, ayuda en nuestra tarea, ya que arriesgas tu vida y la de tu familia.\u201d \u201cTodos nos hemos deshumanizado.\u201d \u00a0\u201cTenemos que terminar con las zonas de tolerancia y como dicen aqu\u00ed, sin clientes no hay trata.\u201d \u201cUnidos hacemos la diferencia.\u201d<\/div>\n<div>\u00a0<\/div>\n<div>FUENTE: Acci\u00f3n Cat\u00f3lica Argentina<\/div>\n<p><a href=\"http:\/\/web.hilo.org.pe\/wp-content\/uploads\/encuentrojovenescontralaviolencia.jpg\" target=\"_blank\" rel=\"noopener\">Ver archivo adjunto<\/a><\/p>\n","protected":false},"excerpt":{"rendered":"<p>Del 9 al 10 de mayo de 2015 se llev? a cabo en Villa Mar?a, provincia de C?rdoba (Argentina) el Encuentro Mundial de J?venes contra la Violencia y la Esclavitud, organizado por la ONG V?nculos en Red, la Universidad Nacional de Villa Mar?a y la Academia Pontificia para las Ciencias Sociales del Vaticano, auspiciado por la Acci?n Cat?lica Argentina, por la Municipalidad de Villa Mar?a y por el Gobierno de la Provincia de C?rdoba.<\/p>\n","protected":false},"author":1,"featured_media":7862,"comment_status":"closed","ping_status":"closed","sticky":false,"template":"","format":"standard","meta":{"footnotes":""},"categories":[9],"tags":[],"class_list":["post-2340","post","type-post","status-publish","format-standard","has-post-thumbnail","hentry","category-noticias"],"_links":{"self":[{"href":"https:\/\/ceas.org.pe\/index.php\/wp-json\/wp\/v2\/posts\/2340","targetHints":{"allow":["GET"]}}],"collection":[{"href":"https:\/\/ceas.org.pe\/index.php\/wp-json\/wp\/v2\/posts"}],"about":[{"href":"https:\/\/ceas.org.pe\/index.php\/wp-json\/wp\/v2\/types\/post"}],"author":[{"embeddable":true,"href":"https:\/\/ceas.org.pe\/index.php\/wp-json\/wp\/v2\/users\/1"}],"replies":[{"embeddable":true,"href":"https:\/\/ceas.org.pe\/index.php\/wp-json\/wp\/v2\/comments?post=2340"}],"version-history":[{"count":1,"href":"https:\/\/ceas.org.pe\/index.php\/wp-json\/wp\/v2\/posts\/2340\/revisions"}],"predecessor-version":[{"id":6878,"href":"https:\/\/ceas.org.pe\/index.php\/wp-json\/wp\/v2\/posts\/2340\/revisions\/6878"}],"wp:featuredmedia":[{"embeddable":true,"href":"https:\/\/ceas.org.pe\/index.php\/wp-json\/wp\/v2\/media\/7862"}],"wp:attachment":[{"href":"https:\/\/ceas.org.pe\/index.php\/wp-json\/wp\/v2\/media?parent=2340"}],"wp:term":[{"taxonomy":"category","embeddable":true,"href":"https:\/\/ceas.org.pe\/index.php\/wp-json\/wp\/v2\/categories?post=2340"},{"taxonomy":"post_tag","embeddable":true,"href":"https:\/\/ceas.org.pe\/index.php\/wp-json\/wp\/v2\/tags?post=2340"}],"curies":[{"name":"wp","href":"https:\/\/api.w.org\/{rel}","templated":true}]}}