{"id":2337,"date":"2015-05-23T20:50:29","date_gmt":"2015-05-23T20:50:29","guid":{"rendered":""},"modified":"2026-03-11T09:12:13","modified_gmt":"2026-03-11T14:12:13","slug":"el-vaticano-confirma-que-el-santo-padre-estaro-en-turon-el-21-y-22-de-junio","status":"publish","type":"post","link":"https:\/\/ceas.org.pe\/index.php\/2015\/05\/23\/el-vaticano-confirma-que-el-santo-padre-estaro-en-turon-el-21-y-22-de-junio\/","title":{"rendered":"El Vaticano confirma que el Santo Padre estar\u00f3 en Tur\u00f3n el 21 y 22 de Junio"},"content":{"rendered":"<p>El santo padre Francisco visitar\u00e1 Tur\u00edn los d\u00edas 21 y 22 de junio, con ocasi\u00f3n de la ostensi\u00f3n de la S\u00e1bana Santa. Un viaje que adem\u00e1s, le servir\u00e1 para encontrarse con algunos de sus familiares que viven en el Piamonte. As\u00ed lo han anunciado durante la rueda de prensa de presentaci\u00f3n del viaje, que ha tenido lugar este mi\u00e9rcoles en el Sala de Prensa del Vaticano.<\/p>\n<div>El lema elegido para esta ostensi\u00f3n es: \u201cEl Amor m\u00e1s grande\u201d. La peregrinaci\u00f3n a Tur\u00edn, ha explicado el obispo Cesare Nosiglia, no es un viaje \u00a0a un Lugar Santo, ni a la tumba de los m\u00e1rtires, no es un itinerario al descubrimiento de apariciones y milagros. \u201cEs un viaje juntos, comunitario e interior, una peregrinaci\u00f3n dentro de uno mismo, que tiene su culmen en el encuentro con la imagen del Hombre de los Dolores\u201d. Y este encuentro, ha precisado monse\u00f1or Nosiglia, provoca conmoci\u00f3n e invita a la conversi\u00f3n y al servicio.<\/div>\n<div>\u00a0<\/div>\n<div>Tal y como ha recordado el obispo, el Papa anunci\u00f3 que visita este lugar \u201cpara venerar la S\u00e1bana Santa y rendir homenaje a san Juan Bosco\u201d, en el segundo centenario de su nacimiento. Asimismo ha indicado que el viaje del Papa se caracteriza tambi\u00e9n como una acci\u00f3n de gracias por el don del \u201csanto de los j\u00f3venes\u201d y por el servicio que la familia salesiana contin\u00faa desarrollando en Tur\u00edn y en todo el mundo en el campo de la educaci\u00f3n, la misi\u00f3n, el deporte y la comunicaci\u00f3n.<\/div>\n<div>\u00a0<\/div>\n<div>A prop\u00f3sito de este hecho, se ha anunciado que durante la visita del Papa a Tur\u00edn se propone una \u201cmini JMJ\u201d con una serie de encuentros, debates, oraciones, momentos de fiesta que ayuden a entrar en contacto con los j\u00f3venes. Y para acompa\u00f1ar este evento, el obispo de Tur\u00edn ha anunciado la presencia de la Cruz de la JMJ, que har\u00e1 una parada all\u00ed en su viaje hacia Cracovia. Por otro lado, ha precisado que al igual que otras ostensiones, se dedica un espacio especial a los enfermos, porque la S\u00e1bana Santa \u201cllama al dolor pero tambi\u00e9n a la esperanza, y la solidaridad concreta\u201d.<\/div>\n<div>\u00a0<\/div>\n<div>Otro anuncio hecho por el prelado ha sido que las limosnas dejadas por los peregrinos que visiten la S\u00e1bana Santa ser\u00e1n entregadas al Santo Padre cuando est\u00e9 en Tur\u00edn el d\u00eda 21 de junio.<\/div>\n<div>\u00a0<\/div>\n<div>Ha participado en la rueda de prensa la vice alcalde de Tur\u00edn, Elis Tisi, que se ha encargado de subrayar la labor de los voluntarios. Por su parte, don Roberto Gottardo presidente de la comisi\u00f3n diocesana para la S\u00edndone, ha presentado una publicaci\u00f3n que no quiere ser una \u201cgu\u00eda\u201d que ofrece a los visitantes solamente informaciones pr\u00e1cticas para moverse por Tur\u00edn y dentro del evento de la S\u00edndone, los servicios, iniciativas\u2026 tampoco quiere ofrecer profundizaciones cient\u00edficas. Lo que se pretende es \u201csubrayar el significado de la propuesta de la ostensi\u00f3n de la S\u00edndone en general y en particular de esta del 2015, en ocasi\u00f3n del bicentenario del nacimiento de don Bosco\u201d.<\/div>\n<div>\u00a0<\/div>\n<div>Para profundizar sobre la realizaci\u00f3n de la mini-JMJ, don Luca Ramello, director de pastoral juvenil de la di\u00f3cesis, ha presentado el \u201cHappening degli Oratori e dei giovani\u201d que se celebrar\u00e1 del 19 al 21 de junio. El encuentro est\u00e1 dirigido a los j\u00f3venes y adolescentes de los oratorios, parroquias, asociaciones, congregaciones, movimientos \u00a0grupos juveniles Para m\u00e1s informaci\u00f3n se puede consultar la p\u00e1gina web: www.turinforyoung.it.<\/div>\n<div>\u00a0<\/div>\n<div>Adem\u00e1s, se podr\u00e1 seguir toda la preparaci\u00f3n y el desarrollo del evento por redes sociales: en twitter con la cuenta @Sindone2015, en facebook en www.facebook.com\/sindone2015 y en youtube con Sindone2015.<\/div>\n<div>\u00a0<\/div>\n<div>Fuente: zenit.org<\/div>\n<p><a href=\"http:\/\/web.hilo.org.pe\/wp-content\/uploads\/papa viajando.jpg\" target=\"_blank\" rel=\"noopener\">Ver archivo adjunto<\/a><\/p>\n","protected":false},"excerpt":{"rendered":"<p>El santo padre Francisco visitar\u00e1 Tur\u00edn los d\u00edas 21 y 22 de junio, con ocasi\u00f3n de la ostensi\u00f3n de la S\u00e1bana Santa. Un viaje que adem\u00e1s, le servir\u00e1 para encontrarse con algunos de sus familiares que viven en el Piamonte. As\u00ed lo han anunciado durante la rueda de prensa de presentaci\u00f3n del viaje, que ha tenido lugar este mi\u00e9rcoles en el Sala de Prensa del Vaticano.<\/p>\n","protected":false},"author":1,"featured_media":7903,"comment_status":"closed","ping_status":"closed","sticky":false,"template":"","format":"standard","meta":{"footnotes":""},"categories":[9],"tags":[],"class_list":["post-2337","post","type-post","status-publish","format-standard","has-post-thumbnail","hentry","category-noticias"],"_links":{"self":[{"href":"https:\/\/ceas.org.pe\/index.php\/wp-json\/wp\/v2\/posts\/2337","targetHints":{"allow":["GET"]}}],"collection":[{"href":"https:\/\/ceas.org.pe\/index.php\/wp-json\/wp\/v2\/posts"}],"about":[{"href":"https:\/\/ceas.org.pe\/index.php\/wp-json\/wp\/v2\/types\/post"}],"author":[{"embeddable":true,"href":"https:\/\/ceas.org.pe\/index.php\/wp-json\/wp\/v2\/users\/1"}],"replies":[{"embeddable":true,"href":"https:\/\/ceas.org.pe\/index.php\/wp-json\/wp\/v2\/comments?post=2337"}],"version-history":[{"count":1,"href":"https:\/\/ceas.org.pe\/index.php\/wp-json\/wp\/v2\/posts\/2337\/revisions"}],"predecessor-version":[{"id":6888,"href":"https:\/\/ceas.org.pe\/index.php\/wp-json\/wp\/v2\/posts\/2337\/revisions\/6888"}],"wp:featuredmedia":[{"embeddable":true,"href":"https:\/\/ceas.org.pe\/index.php\/wp-json\/wp\/v2\/media\/7903"}],"wp:attachment":[{"href":"https:\/\/ceas.org.pe\/index.php\/wp-json\/wp\/v2\/media?parent=2337"}],"wp:term":[{"taxonomy":"category","embeddable":true,"href":"https:\/\/ceas.org.pe\/index.php\/wp-json\/wp\/v2\/categories?post=2337"},{"taxonomy":"post_tag","embeddable":true,"href":"https:\/\/ceas.org.pe\/index.php\/wp-json\/wp\/v2\/tags?post=2337"}],"curies":[{"name":"wp","href":"https:\/\/api.w.org\/{rel}","templated":true}]}}