{"id":2336,"date":"2015-05-23T20:51:39","date_gmt":"2015-05-23T20:51:39","guid":{"rendered":""},"modified":"2026-03-11T09:12:13","modified_gmt":"2026-03-11T14:12:13","slug":"mensaje-de-la-xxxv-asamblea-general-ordinaria-del-celam","status":"publish","type":"post","link":"https:\/\/ceas.org.pe\/index.php\/2015\/05\/23\/mensaje-de-la-xxxv-asamblea-general-ordinaria-del-celam\/","title":{"rendered":"Mensaje de la XXXV Asamblea General Ordinaria del CELAM"},"content":{"rendered":"<p>Rescatando como los logros sobresalientes la nueva traducci\u00f3n del CELAM del Nuevo Testamento de la \u201cBiblia de la Iglesia en Am\u00e9rica\u201d (BIA), la creaci\u00f3n de la Red Eclesial Pan-Amaz\u00f3nica (REPAM) para responder de manera eficaz y org\u00e1nica a los desaf\u00edos de la Amazon\u00eda, y reforzando la \u201cfecunda experiencia misionera que ha suscitado la V Conferencia del episcopado latinoamericano y caribe\u00f1o de Aparecida\u201d, as\u00ed se expres\u00f3 en su mensaje final la XXXV Asamblea General Ordinaria del CELAM.<\/p>\n<div>En 10 puntos que rubrica el nuevo presidente del CELAM, cardenal Rub\u00e9n Salazar G\u00f3mez, se puede sentir con claridad el clima de fraternidad vivido en esta semana de conversaciones y elecciones para el pr\u00f3ximo cuatrienio 2015-2019.<\/div>\n<div>\u00a0<\/div>\n<div>Continuando con el apoyo a la Misi\u00f3n Continental, se indica que \u201cseguiremos invitando a todas las iglesias particulares a vivir una aut\u00e9ntica \u2018conversi\u00f3n misionera\u2019 \u201d, insistiendo en el estilo que impulsa el Papa Francisco referido a una Iglesia \u201ctienda de campa\u00f1a\u201d, Iglesia \u201cen salida\u201d.<\/div>\n<div>\u00a0<\/div>\n<div>Reproducimos el Mensaje completo a continuaci\u00f3n.<\/div>\n<div>\u00a0<\/div>\n<div>VIRGINIA BONARD<\/div>\n<div>\u00a0<\/div>\n<div>&#8212;&#8212;&#8212;&#8212;<\/div>\n<div>\u00a0<\/div>\n<div><strong>MENSAJE DE LA XXXV ASAMBLEA GENERAL ORDINARIA<\/strong><\/div>\n<div><strong>DEL CONSEJO EPISCOPAL LATINOAMERICANO (CELAM)<\/strong><\/div>\n<div><strong>Santo Domingo (Rep\u00fablica Dominicana), 12 a 15 de mayo de 201<\/strong>5<\/div>\n<div>\u00a0<\/div>\n<div>A los obispos, presb\u00edteros, di\u00e1conos permanentes, consagrados y consagradas, laicos y laicas del pueblo cat\u00f3lico que peregrina como Iglesia en Am\u00e9rica Latina y El Caribe:<\/div>\n<div>\u00a0<\/div>\n<div>1.- Reunidos para celebrar la XXXV Asamblea General Ordinaria del Consejo Episcopal Latinoamericano y de El Caribe (CELAM), en la ciudad de Santo Domingo, los d\u00edas 12 al 15 de mayo de 2015, les enviamos nuestro saludo con la alegr\u00eda que brota de la Palabra de vida que se nos ha manifestado (Cf. 1Juan 1,1).<\/div>\n<div>2.- La conmemoraci\u00f3n de los 50 a\u00f1os de la clausura del Concilio Vaticano II, los 60 a\u00f1os de existencia del CELAM, la cercana beatificaci\u00f3n de Mons. Oscar Arnulfo Romero y de tres presb\u00edteros misioneros que dieron su vida martirialmente en Am\u00e9rica Latina: Michele Tomaszek, Zbigneo Strzalkowski y Alessandro Dordi; as\u00ed como la expectativa ante la pr\u00f3xima visita del Papa Francisco a nuestro continente, constituyen el contexto propicio para asumir con gratitud y esperanza los nuevos retos que se plantean a nuestras iglesias particulares.<\/div>\n<div>3.- La experiencia fraterna vivida durante estos d\u00edas nos ha permitido, como disc\u00edpulos-pastores, compartir una misma fe y un mismo sentir en el firme compromiso de anunciar a Jesucristo vivo y misericordioso. As\u00ed lo refleja nuestro caminar eclesial de los \u00faltimos cuatro a\u00f1os y as\u00ed lo testimoniamos con la disponibilidad para servir en comuni\u00f3n.<\/div>\n<div>4.- Nuestro coraz\u00f3n ha acogido la Palabra de Dios y hemos celebrado la Eucarist\u00eda, como fuentes que animan toda nuestra reflexi\u00f3n pastoral sobre la realidad y nos permite discernir y obrar en sinton\u00eda con el plan de Dios. La Palabra la hemos recibido en la nueva traducci\u00f3n del CELAM: El Nuevo Testamento de la \u201cBiblia de la Iglesia en Am\u00e9rica\u201d (BIA). Ella reson\u00f3 con fuerza y audacia para recordarnos la urgencia de animar una cultura del encuentro, que haga patente la presencia encarnada del Dios que es misterio de comuni\u00f3n (Cf. Evangelii Gaudium 220). Esa misma Palabra nos consuela y nos hace decirles que no est\u00e1n solos, que caminamos como pastores con ustedes, compartiendo sus alegr\u00edas y tristezas.<\/div>\n<div>5.- Hemos agradecido el servicio de la presidencia y equipo de directivos del cuatrienio 2011 \u2013 2015, y, con un mismo esp\u00edritu, hemos elegido a algunos de nuestros hermanos obispos para que con generosidad e intrepidez asuman la tarea de dirigir el CELAM anunciando el Evangelio y viviendo en comuni\u00f3n eclesial durante los pr\u00f3ximos cuatro a\u00f1os 2015 \u2013 2019.<\/div>\n<div>6.- En estos d\u00edas, sintiendo la fe y la oraci\u00f3n solidaria de nuestras hermanas y hermanos latinoamericanos y caribe\u00f1os, identificamos los grandes desaf\u00edos que interpelan nuestro peregrinar y los hemos propuesto como tarea del CELAM en el nuevo per\u00edodo que comienza. En particular, continuaremos apoyando con renovado esfuerzo la Misi\u00f3n Continental y seguiremos invitando a todas las iglesias particulares a vivir una aut\u00e9ntica \u201cconversi\u00f3n misionera\u201d (Cf. EG 30). A la luz del Concilio Vaticano II, de Aparecida y del magisterio del primer Papa latinoamericano, queremos ser, cada vez m\u00e1s, una Iglesia, que como Pueblo de Dios, es misionera, misericordiosa y samaritana (Cf. EG 114). Una Iglesia urgida a ser \u201ctienda de campa\u00f1a\u201d que acoge y sirve a todos los que la sociedad descarta y desecha (Cf. EG 195). Una \u201cIglesia en salida\u201d, centrada en Cristo y descentrada para ir al encuentro de las periferias. Una Iglesia fiel a su misi\u00f3n, que colabora con las personas de buena voluntad en la construcci\u00f3n de una sociedad m\u00e1s justa y solidaria.<\/div>\n<div>7.- Expresando de forma concreta esta colaboraci\u00f3n, hemos acogido y respaldado con esperanza la creaci\u00f3n de la Red Eclesial Pan-Amaz\u00f3nica (REPAM) para responder de manera eficaz y org\u00e1nica a los desaf\u00edos de la Amazon\u00eda, \u201cfuente de vida en el coraz\u00f3n de la Iglesia\u201d. Esto nos alienta a \u201ccrear conciencia en las Am\u00e9ricas de la importancia de la Amazon\u00eda para toda la humanidad\u201d (Aparecida 475) y a asumir juntos la responsabilidad por la misi\u00f3n eclesial en la regi\u00f3n.<\/div>\n<div>8.- Invitamos a todos a fortalecer nuestro sentido de pertenencia al CELAM y a valorar a\u00fan m\u00e1s su identidad y misi\u00f3n. Reconocemos en \u00e9l un verdadero don de Dios y un patrimonio eclesial. La mejor manera de agradecer estos 60 a\u00f1os de camino es acoger el servicio de comuni\u00f3n que promueve, el magisterio que ha ofrecido y las experiencias pastorales que impulsa.<\/div>\n<div>9.- Manteng\u00e1monos en la fecunda experiencia misionera que ha suscitado la V Conferencia del episcopado latinoamericano y caribe\u00f1o de Aparecida. Renovemos nuestro empe\u00f1o por llevar a otros al encuentro con Jesucristo y acompa\u00f1emos estos procesos discipulares portadores de esperanza para la sociedad.<\/div>\n<div>10.En cada uno de nuestros pa\u00edses la Virgen Mar\u00eda acompa\u00f1a y sostiene el camino de los disc\u00edpulos misioneros de Jes\u00fas. A Nuestra Se\u00f1ora de la Altagracia, madre del pueblo dominicano,le encomendamos con gratitud la vida de la Iglesia que nos ha acogido en estos d\u00edas con tanta generosidad, y le confiamos tambi\u00e9n el futuro de nuestras comunidades para que sean, como ella, bienaventuradas porque han cre\u00eddo (Cf. Lucas 1,45).<\/div>\n<div>\u00a0<\/div>\n<div>Santo Domingo, 15 de mayo de 2015.<\/div>\n<div>\u00a0<\/div>\n<div>Emmo. Sr. Cardenal Rub\u00e9n Salazar G\u00f3mez<\/div>\n<div>Arzobispo de Bogot\u00e1, Colombia<\/div>\n<div>Presidente<\/div>\n<div>\u00a0<\/div>\n<div>Fuente: celam.org<\/div>\n<p><a href=\"http:\/\/web.hilo.org.pe\/wp-content\/uploads\/asambleacelam.jpg\" target=\"_blank\" rel=\"noopener\">Ver archivo adjunto<\/a><\/p>\n","protected":false},"excerpt":{"rendered":"<p>Rescatando como los logros sobresalientes la nueva traducci\u00f3n del CELAM del Nuevo Testamento de la \u201cBiblia de la Iglesia en Am\u00e9rica\u201d (BIA), la creaci\u00f3n de la Red Eclesial Pan-Amaz\u00f3nica (REPAM) para responder de manera eficaz y org\u00e1nica a los desaf\u00edos de la Amazon\u00eda, y reforzando la \u201cfecunda experiencia misionera que ha suscitado la V Conferencia del episcopado latinoamericano y caribe\u00f1o de Aparecida\u201d, as\u00ed se expres\u00f3 en su mensaje final la XXXV Asamblea General Ordinaria del CELAM.<\/p>\n","protected":false},"author":1,"featured_media":7973,"comment_status":"closed","ping_status":"closed","sticky":false,"template":"","format":"standard","meta":{"footnotes":""},"categories":[9],"tags":[],"class_list":["post-2336","post","type-post","status-publish","format-standard","has-post-thumbnail","hentry","category-noticias"],"_links":{"self":[{"href":"https:\/\/ceas.org.pe\/index.php\/wp-json\/wp\/v2\/posts\/2336","targetHints":{"allow":["GET"]}}],"collection":[{"href":"https:\/\/ceas.org.pe\/index.php\/wp-json\/wp\/v2\/posts"}],"about":[{"href":"https:\/\/ceas.org.pe\/index.php\/wp-json\/wp\/v2\/types\/post"}],"author":[{"embeddable":true,"href":"https:\/\/ceas.org.pe\/index.php\/wp-json\/wp\/v2\/users\/1"}],"replies":[{"embeddable":true,"href":"https:\/\/ceas.org.pe\/index.php\/wp-json\/wp\/v2\/comments?post=2336"}],"version-history":[{"count":1,"href":"https:\/\/ceas.org.pe\/index.php\/wp-json\/wp\/v2\/posts\/2336\/revisions"}],"predecessor-version":[{"id":6887,"href":"https:\/\/ceas.org.pe\/index.php\/wp-json\/wp\/v2\/posts\/2336\/revisions\/6887"}],"wp:featuredmedia":[{"embeddable":true,"href":"https:\/\/ceas.org.pe\/index.php\/wp-json\/wp\/v2\/media\/7973"}],"wp:attachment":[{"href":"https:\/\/ceas.org.pe\/index.php\/wp-json\/wp\/v2\/media?parent=2336"}],"wp:term":[{"taxonomy":"category","embeddable":true,"href":"https:\/\/ceas.org.pe\/index.php\/wp-json\/wp\/v2\/categories?post=2336"},{"taxonomy":"post_tag","embeddable":true,"href":"https:\/\/ceas.org.pe\/index.php\/wp-json\/wp\/v2\/tags?post=2336"}],"curies":[{"name":"wp","href":"https:\/\/api.w.org\/{rel}","templated":true}]}}