{"id":2334,"date":"2015-05-23T20:53:15","date_gmt":"2015-05-23T20:53:15","guid":{"rendered":""},"modified":"2026-03-11T09:12:13","modified_gmt":"2026-03-11T14:12:13","slug":"defensores-de-laguna-paron-quedan-libres-de-todo-proceso-penal-despuos-de-siete-aoos","status":"publish","type":"post","link":"https:\/\/ceas.org.pe\/index.php\/2015\/05\/23\/defensores-de-laguna-paron-quedan-libres-de-todo-proceso-penal-despuos-de-siete-aoos\/","title":{"rendered":"Defensores de laguna Par\u00f3n quedan libres de todo proceso penal despu\u00f3s de siete a\u00f3os"},"content":{"rendered":"<p>\u00a0<span style=\"text-align: center;\">Defensores de laguna Par\u00f3n quedan libres<\/span><\/p>\n<p class=\"MsoNormal\" align=\"center\" style=\"margin: 0cm -14.3pt 0.0001pt -14.2pt; text-align: center;\"><span lang=\"ES-MX\"> de todo proceso penal despu\u00e9s de siete a\u00f1os<o:p><\/o:p><\/span><\/p>\n<p class=\"MsoNormal\" align=\"center\" style=\"margin: 0cm -14.3pt 0.0001pt -14.2pt; text-align: center;\"><span lang=\"ES-MX\"><br \/>\n(Nota de Prensa)<o:p><\/o:p><\/span><\/p>\n<p class=\"MsoNormal\" align=\"center\" style=\"margin: 0cm -14.3pt 0.0001pt -14.2pt; text-align: center;\"><b><span lang=\"ES-MX\" style=\"mso-ascii-font-family:Calibri;mso-ascii-theme-font:minor-latin;\nmso-hansi-font-family:Calibri;mso-hansi-theme-font:minor-latin;color:#0F243E\">\u00a0<\/span><\/b><\/p>\n<p class=\"MsoNormal\" style=\"margin: 0cm -14.3pt 0.0001pt -14.2pt; text-align: justify;\"><span lang=\"ES-MX\" style=\"mso-ascii-font-family:Calibri;mso-ascii-theme-font:\nminor-latin;mso-hansi-font-family:Calibri;mso-hansi-theme-font:minor-latin;\ncolor:#0F243E\">Despu\u00e9s de siete a\u00f1os esperando el fallo definitivo del Poder Judicial, al fin fueron <\/span><span lang=\"ES-MX\">liberados de<span style=\"color:red\"> <\/span>todo proceso penal<span style=\"color:red\"> <\/span><span style=\"color:#0F243E\">ocho campesinos defensores de la Laguna Par\u00f3n, maravilla natural del Parque Nacional Huascar\u00e1n, Patrimonio Natural de la Humanidad y Reserva de Bi\u00f3sfera de la Humanidad. Los campesinos fueron procesados por defender la vida, los recursos naturales y culturales patrimonio de todos los peruanos. <o:p><\/o:p><\/span><\/span><\/p>\n<p class=\"MsoNormal\" style=\"margin: 0cm -14.3pt 0.0001pt -14.2pt; text-align: justify;\"><span lang=\"ES-MX\" style=\"mso-ascii-font-family:Calibri;mso-ascii-theme-font:\nminor-latin;mso-hansi-font-family:Calibri;mso-hansi-theme-font:minor-latin;\ncolor:#0F243E\">\u00a0<\/span><\/p>\n<p class=\"MsoNormal\" style=\"margin: 0cm -14.3pt 0.0001pt -14.2pt; text-align: justify;\"><span lang=\"ES-MX\" style=\"mso-ascii-font-family:Calibri;mso-ascii-theme-font:\nminor-latin;mso-hansi-font-family:Calibri;mso-hansi-theme-font:minor-latin;\ncolor:#0F243E\">La sentencia expedida el 10 de abril del 2015, bajo la resoluci\u00f3n N\u00b0 75, fue comunicada a las partes, reci\u00e9n este jueves 14 de mayo del a\u00f1o en curso, donde el fallo emitido por el Juez Oscar Antonio Almendrades L\u00f3pez resuelve declarar <b>ABSUELTOS<\/b> del proceso penal seguido injustamente a ocho defensores de la laguna Par\u00f3n: Nilo Armando \u00c1ngeles Pajuelo, Jos\u00e9 Viterbo Moreno Magui\u00f1a, Tomas Juan Milla Rivas, Antonio Due\u00f1as Go\u00f1i, Luis Alberto Vacas Mendoza, Juan Fernando Granados Maza, Arturo Seraf\u00edn Lindo Oropeza, Tomas Juan Milla Rivas y Juvenal Genaro Pasi\u00f3n Loarte; por los delitos de: usurpaci\u00f3n agravada en agravio de la empresa Duke Energy Egenor y el entorpecimiento al funcionamiento de servicios de transportes (poner una tranquera en la v\u00eda carrozable Caraz-Par\u00f3n) en agravio del Estado, sucesos ocurridos el 29 de julio del 2008 para el cuidado de la laguna Par\u00f3n.<o:p><\/o:p><\/span><\/p>\n<p class=\"MsoNormal\" style=\"margin: 0cm -14.3pt 0.0001pt -14.2pt; text-align: justify;\"><span lang=\"ES-MX\" style=\"mso-ascii-font-family:Calibri;mso-ascii-theme-font:\nminor-latin;mso-hansi-font-family:Calibri;mso-hansi-theme-font:minor-latin;\ncolor:#0F243E\">\u00a0<\/span><\/p>\n<p class=\"MsoNormal\" style=\"margin: 0cm -14.3pt 0.0001pt -14.2pt; text-align: justify;\"><span lang=\"ES-MX\" style=\"mso-ascii-font-family:Calibri;mso-ascii-theme-font:\nminor-latin;mso-hansi-font-family:Calibri;mso-hansi-theme-font:minor-latin;\ncolor:#0F243E\">Ha sido un largo proceso penal llevado con responsabilidad, pero con preocupaci\u00f3n durante siete largos a\u00f1os. En el proceso estuvieron siempre junto con los procesados: la comunidad campesina Cruz de Mayo, la Comisi\u00f3n de Usuarios Par\u00f3n Llull\u00e1n y el pueblo de Caraz.\u00a0 <o:p><\/o:p><\/span><\/p>\n<p class=\"MsoNormal\" style=\"margin: 0cm -14.3pt 0.0001pt -14.2pt; text-align: justify;\"><span lang=\"ES-MX\" style=\"mso-ascii-font-family:Calibri;mso-ascii-theme-font:\nminor-latin;mso-hansi-font-family:Calibri;mso-hansi-theme-font:minor-latin;\ncolor:#0F243E\">\u00a0<\/span><\/p>\n<p class=\"MsoNormal\" style=\"margin: 0cm -14.3pt 0.0001pt -14.2pt; text-align: justify;\"><span lang=\"ES-MX\" style=\"mso-ascii-font-family:Calibri;mso-ascii-theme-font:\nminor-latin;mso-hansi-font-family:Calibri;mso-hansi-theme-font:minor-latin;\ncolor:#0F243E\">Con seguridad que la sentencia tuvo en consideraci\u00f3n la buena fe de la poblaci\u00f3n, la defensa pac\u00edfica y no violenta de su laguna y el uso del di\u00e1logo, elementos \u00fatiles todos, para transformar el conflicto vivido en una oportunidad de desarrollo para el pueblo de Caraz\u00a0 en la regi\u00f3n Ancash.\u00a0 <o:p><\/o:p><\/span><\/p>\n<p class=\"MsoNormal\" style=\"margin: 0cm -14.3pt 0.0001pt -14.2pt; text-align: justify;\"><span lang=\"ES-MX\" style=\"mso-ascii-font-family:Calibri;mso-ascii-theme-font:\nminor-latin;mso-hansi-font-family:Calibri;mso-hansi-theme-font:minor-latin;\ncolor:#0F243E\">\u00a0<\/span><\/p>\n<p class=\"MsoNormal\" style=\"margin: 0cm -14.3pt 0.0001pt -14.2pt; text-align: justify;\"><span lang=\"ES-MX\" style=\"mso-ascii-font-family:Calibri;mso-ascii-theme-font:\nminor-latin;mso-hansi-font-family:Calibri;mso-hansi-theme-font:minor-latin;\ncolor:#0F243E\">Estos esfuerzos y voluntad de di\u00e1logo fueron motivo suficiente para que la Comunidad Cruz de Mayo, comprendida en el conflicto, obtuviera el a\u00f1o 2011 <\/span><span lang=\"ES-TRAD\" style=\"mso-ascii-font-family:Calibri;\nmso-ascii-theme-font:minor-latin;mso-hansi-font-family:Calibri;mso-hansi-theme-font:\nminor-latin;color:#0F243E;mso-ansi-language:ES-TRAD\">el Premio Nacional de Derechos Humanos \u201c\u00c1ngel Escobar Jurado\u201d, otorgado por la Coordinadora Nacional de Derechos Humanos del Per\u00fa, adem\u00e1s de este premio en el Per\u00fa, lograron la solidaridad internacional de Gran Breta\u00f1a, Francia, Alemania y Estados Unidos.<\/span><span lang=\"ES-MX\" style=\"mso-ascii-font-family:Calibri;mso-ascii-theme-font:minor-latin;\nmso-hansi-font-family:Calibri;mso-hansi-theme-font:minor-latin;color:#0F243E\"><o:p><\/o:p><\/span><\/p>\n<p class=\"MsoNormal\" style=\"margin: 0cm -14.3pt 0.0001pt -14.2pt; text-align: justify;\"><span lang=\"ES-MX\" style=\"mso-ascii-font-family:Calibri;mso-ascii-theme-font:\nminor-latin;mso-hansi-font-family:Calibri;mso-hansi-theme-font:minor-latin;\ncolor:red\">\u00a0<\/span><\/p>\n<p class=\"MsoNormal\" style=\"margin: 0cm -14.3pt 0.0001pt -14.2pt; text-align: justify;\"><span lang=\"ES-MX\">Felicitamos a las personas de la Comunidad Campesina Cruz de Mayo, los dirigentes populares, la Iglesia huaracina con su Obispo, agentes pastorales y el gobierno local a lo largo de este proceso, por el logro de este resultado. Nos honra a CEAS el haber podido brindar el apoyo legal en tan importante proceso. <o:p><\/o:p><\/span><\/p>\n<p class=\"MsoNormal\" style=\"margin: 0cm -14.3pt 0.0001pt -14.2pt; text-align: justify;\"><span lang=\"ES-MX\">\u00a0<\/span><\/p>\n<p class=\"MsoNormal\" style=\"margin: 0cm -14.3pt 0.0001pt -14.2pt; text-align: justify;\"><span lang=\"ES-MX\" style=\"mso-ascii-font-family:Calibri;mso-ascii-theme-font:\nminor-latin;mso-hansi-font-family:Calibri;mso-hansi-theme-font:minor-latin;\ncolor:#0F243E\">Conocido el fallo, instamos a todas las partes, para que este proceso penal se cierre con esta sentencia y podamos continuar construyendo una cultura de paz sobre la base del di\u00e1logo, la justicia y el bien com\u00fan, que tanto se reclama para los campesinos de Caraz y de todo el pueblo peruano.<o:p><\/o:p><\/span><\/p>\n<p class=\"MsoNormal\" style=\"margin: 0cm -14.3pt 0.0001pt -14.2pt; text-align: justify;\"><span lang=\"ES-MX\" style=\"mso-ascii-font-family:Calibri;\nmso-ascii-theme-font:minor-latin;mso-hansi-font-family:Calibri;mso-hansi-theme-font:\nminor-latin;color:#0F243E\">\u00a0\u00a0\u00a0\u00a0\u00a0\u00a0\u00a0\u00a0\u00a0\u00a0\u00a0\u00a0\u00a0\u00a0\u00a0\u00a0\u00a0\u00a0\u00a0\u00a0\u00a0\u00a0\u00a0\u00a0\u00a0\u00a0\u00a0\u00a0\u00a0\u00a0\u00a0\u00a0\u00a0\u00a0\u00a0\u00a0\u00a0\u00a0\u00a0\u00a0\u00a0\u00a0\u00a0\u00a0\u00a0\u00a0\u00a0\u00a0\u00a0\u00a0\u00a0\u00a0\u00a0\u00a0\u00a0\u00a0\u00a0\u00a0\u00a0\u00a0\u00a0 <o:p><\/o:p><\/span><\/p>\n<p class=\"MsoNormal\" style=\"margin: 0cm -14.3pt 0.0001pt -14.2pt; text-align: justify;\"><span lang=\"ES-MX\" style=\"mso-ascii-font-family:Calibri;mso-ascii-theme-font:\nminor-latin;mso-hansi-font-family:Calibri;mso-hansi-theme-font:minor-latin;\ncolor:#0F243E\">Con el ruego de su difusi\u00f3n.<o:p><\/o:p><\/span><\/p>\n<p><a href=\"http:\/\/web.hilo.org.pe\/wp-content\/uploads\/FOTO 08.jpg\" target=\"_blank\" rel=\"noopener\">Ver archivo adjunto<\/a><\/p>\n","protected":false},"excerpt":{"rendered":"<p><span lang=\"ES-MX\" style=\"text-align: justify; color: rgb(15, 36, 62);\">Despu\u00e9s de siete a\u00f1os esperando el fallo definitivo del Poder Judicial, al fin fueron\u00a0<\/span><span lang=\"ES-MX\" style=\"text-align: justify;\">liberados de<span style=\"color: red;\">\u00a0<\/span>todo proceso penal<span style=\"color: red;\">\u00a0<\/span><span style=\"color: rgb(15, 36, 62);\">ocho campesinos defensores de la Laguna Par\u00f3n, maravilla natural del Parque Nacional Huascar\u00e1n, Patrimonio Natural de la Humanidad y Reserva de Bi\u00f3sfera de la Humanidad. Los campesinos fueron procesados por defender la vida, los recursos naturales y culturales patrimonio de todos los peruanos.<\/span><\/span><\/p>\n","protected":false},"author":1,"featured_media":7848,"comment_status":"closed","ping_status":"closed","sticky":false,"template":"","format":"standard","meta":{"footnotes":""},"categories":[9],"tags":[],"class_list":["post-2334","post","type-post","status-publish","format-standard","has-post-thumbnail","hentry","category-noticias"],"_links":{"self":[{"href":"https:\/\/ceas.org.pe\/index.php\/wp-json\/wp\/v2\/posts\/2334","targetHints":{"allow":["GET"]}}],"collection":[{"href":"https:\/\/ceas.org.pe\/index.php\/wp-json\/wp\/v2\/posts"}],"about":[{"href":"https:\/\/ceas.org.pe\/index.php\/wp-json\/wp\/v2\/types\/post"}],"author":[{"embeddable":true,"href":"https:\/\/ceas.org.pe\/index.php\/wp-json\/wp\/v2\/users\/1"}],"replies":[{"embeddable":true,"href":"https:\/\/ceas.org.pe\/index.php\/wp-json\/wp\/v2\/comments?post=2334"}],"version-history":[{"count":1,"href":"https:\/\/ceas.org.pe\/index.php\/wp-json\/wp\/v2\/posts\/2334\/revisions"}],"predecessor-version":[{"id":6885,"href":"https:\/\/ceas.org.pe\/index.php\/wp-json\/wp\/v2\/posts\/2334\/revisions\/6885"}],"wp:featuredmedia":[{"embeddable":true,"href":"https:\/\/ceas.org.pe\/index.php\/wp-json\/wp\/v2\/media\/7848"}],"wp:attachment":[{"href":"https:\/\/ceas.org.pe\/index.php\/wp-json\/wp\/v2\/media?parent=2334"}],"wp:term":[{"taxonomy":"category","embeddable":true,"href":"https:\/\/ceas.org.pe\/index.php\/wp-json\/wp\/v2\/categories?post=2334"},{"taxonomy":"post_tag","embeddable":true,"href":"https:\/\/ceas.org.pe\/index.php\/wp-json\/wp\/v2\/tags?post=2334"}],"curies":[{"name":"wp","href":"https:\/\/api.w.org\/{rel}","templated":true}]}}