{"id":2331,"date":"2015-05-24T00:57:48","date_gmt":"2015-05-24T00:57:48","guid":{"rendered":""},"modified":"2026-03-11T09:12:13","modified_gmt":"2026-03-11T14:12:13","slug":"arzobispo-de-bogoto-es-en-el-nuevo-presidente-del-celam","status":"publish","type":"post","link":"https:\/\/ceas.org.pe\/index.php\/2015\/05\/24\/arzobispo-de-bogoto-es-en-el-nuevo-presidente-del-celam\/","title":{"rendered":"Arzobispo de Bogot\u00f3 es en el nuevo presidente del CELAM"},"content":{"rendered":"<p>Bogot\u00e1, Colombia (EVARED).- En el marco de la XXXV Asamblea, que se lleva a cabo en Santo Domingo, Rep\u00fablica Dominicana, del 12 al 15 de mayo, los obispos eligieron a las nuevas autoridades para el pr\u00f3ximo cuatrienio 2015-2019.<\/p>\n<p>En un ambiente de fraternidad y comuni\u00f3n afectiva y efectiva, eligieron al Arzobispo de Bogot\u00e1, Colombia, Cardenal Rub\u00e9n Salazar G\u00f3mez, como nuevo Presidente del CELAM. \u00a0Fueron tambi\u00e9n elegidos como Primer Vicepresidente el Obispo de Mercedes, Uruguay, Mons. Carlos Ma. Collazzi, y como Segundo Vicepresidente el Arzobispo de Sao Luis de Maranhao, Brasil, Dom Jose Belisario Da Silva.<\/p>\n<p>El cardenal Rub\u00e9n Salazar G\u00f3mez reemplaza en la presidencia del CELAM a monse\u00f1or Carlos Aguiar Retes, arzobispo de Arquidi\u00f3cesis de Tlalnepantla, M\u00e9xico.<\/p>\n<div>\u00a0<\/div>\n<div>Cardenal Rub\u00e9n Salazar G\u00f3mez se convierte en el cuarto presidente del CELAM de nacionalidad colombiana. Entre 1979 y 1983 presidi\u00f3 esta instituci\u00f3n el cardenal Alfonso L\u00f3pez Trujillo, de 1987 a 1991 monse\u00f1or Dar\u00edo Castrill\u00f3n Hoyos y de 1999 a 2003 monse\u00f1or Jorge Enrique Jim\u00e9nez, actual arzobispo de Cartagena.<\/div>\n<div>\u00a0<\/div>\n<div>A\u00fan est\u00e1n pendientes las elecciones para renovar los cargos de Presidentes de los Departamentos: Misi\u00f3n y Espiritualidad, Vocaciones y Ministerios, Familia, Vida y Juventud, Cultura y Educaci\u00f3n, Justicia y Solidaridad.<\/div>\n<div>\u00a0<\/div>\n<div>Fuente: radioevangelizacion.org<\/div>\n<p><a href=\"http:\/\/web.hilo.org.pe\/wp-content\/uploads\/arzobispobogota.jpg\" target=\"_blank\" rel=\"noopener\">Ver archivo adjunto<\/a><\/p>\n","protected":false},"excerpt":{"rendered":"<p>Bogot\u00e1, Colombia (EVARED).- En el marco de la XXXV Asamblea, que se lleva a cabo en Santo Domingo, Rep\u00fablica Dominicana, del 12 al 15 de mayo, los obispos eligieron a las nuevas autoridades para el pr\u00f3ximo cuatrienio 2015-2019.<\/p>\n","protected":false},"author":1,"featured_media":7872,"comment_status":"closed","ping_status":"closed","sticky":false,"template":"","format":"standard","meta":{"footnotes":""},"categories":[9],"tags":[],"class_list":["post-2331","post","type-post","status-publish","format-standard","has-post-thumbnail","hentry","category-noticias"],"_links":{"self":[{"href":"https:\/\/ceas.org.pe\/index.php\/wp-json\/wp\/v2\/posts\/2331","targetHints":{"allow":["GET"]}}],"collection":[{"href":"https:\/\/ceas.org.pe\/index.php\/wp-json\/wp\/v2\/posts"}],"about":[{"href":"https:\/\/ceas.org.pe\/index.php\/wp-json\/wp\/v2\/types\/post"}],"author":[{"embeddable":true,"href":"https:\/\/ceas.org.pe\/index.php\/wp-json\/wp\/v2\/users\/1"}],"replies":[{"embeddable":true,"href":"https:\/\/ceas.org.pe\/index.php\/wp-json\/wp\/v2\/comments?post=2331"}],"version-history":[{"count":1,"href":"https:\/\/ceas.org.pe\/index.php\/wp-json\/wp\/v2\/posts\/2331\/revisions"}],"predecessor-version":[{"id":6883,"href":"https:\/\/ceas.org.pe\/index.php\/wp-json\/wp\/v2\/posts\/2331\/revisions\/6883"}],"wp:featuredmedia":[{"embeddable":true,"href":"https:\/\/ceas.org.pe\/index.php\/wp-json\/wp\/v2\/media\/7872"}],"wp:attachment":[{"href":"https:\/\/ceas.org.pe\/index.php\/wp-json\/wp\/v2\/media?parent=2331"}],"wp:term":[{"taxonomy":"category","embeddable":true,"href":"https:\/\/ceas.org.pe\/index.php\/wp-json\/wp\/v2\/categories?post=2331"},{"taxonomy":"post_tag","embeddable":true,"href":"https:\/\/ceas.org.pe\/index.php\/wp-json\/wp\/v2\/tags?post=2331"}],"curies":[{"name":"wp","href":"https:\/\/api.w.org\/{rel}","templated":true}]}}