{"id":2330,"date":"2015-05-24T00:58:46","date_gmt":"2015-05-24T00:58:46","guid":{"rendered":""},"modified":"2026-03-11T09:12:13","modified_gmt":"2026-03-11T14:12:13","slug":"caritas-internationalis-tiene-nuevo-presidente","status":"publish","type":"post","link":"https:\/\/ceas.org.pe\/index.php\/2015\/05\/24\/caritas-internationalis-tiene-nuevo-presidente\/","title":{"rendered":"Caritas Internationalis tiene nuevo presidente"},"content":{"rendered":"<div>\n<div>La elecci\u00f3n se realiz\u00f3 en el marco de la Asamblea General que se lleva a cabo en Roma y fue muy celebrada por los miembros de Caritas Am\u00e9rica Latina y el Caribe, quienes mostraron su satisfacci\u00f3n por el nuevo presidente quien estar\u00e1 a la cabeza de la Confederaci\u00f3n por los pr\u00f3ximos cuatro a\u00f1os.<\/div>\n<div>\u00a0<\/div>\n<div>Inmediatamente terminada la elecci\u00f3n, el Cardenal Tagle, se comunic\u00f3 telef\u00f3nicamente con todos los presentes saludando en italiano \u201cBuona ser\u00e1 tutti\u201d, luego agradeci\u00f3 por la confianza depositada en \u00e9l se\u00f1alando que \u00abGracias por su confianza. Estoy limitado en mis capacidades, pero con todos ustedes, con el amor que Jes\u00fas ha derramado en nuestros corazones y en nombre de todas las personas pobres en el mundo, acepto esta elecci\u00f3n. \u00a0\u00abHagamos juntos una Iglesia para los pobres, nuestro testimonio puede ayudar a guiarnos a un mundo de comprensi\u00f3n de amor, justicia, la verdadera libertad y la paz \u00ab.<\/div>\n<div>\u00a0<\/div>\n<div>Desde Am\u00e9rica Latina y el Caribe, la elecci\u00f3n fue muy bien recibida. Para el Presidente de la Regi\u00f3n, Mons. Jos\u00e9 Luis Azuaje, son varios los elementos que los animan: \u201cEs un hombre joven, Cardenal de la Iglesia que ha desempe\u00f1ado servicio sobretodo dentro del \u00e1mbito de lo que respecta a Caritas, sobre medioambiente, emergencias y especialmente en la organizaci\u00f3n de las Caritas parroquiales. Todo ello nos da confianza en que har\u00e1 un gran equipo con todos los miembros y regiones. La sensibilidad que siempre hay en funci\u00f3n de escoger un candidato de la periferia nos anima a buscar la unidad y comuni\u00f3n. Creo que es un hombre que est\u00e1 capacitado y tiene la espiritualidad necesaria para confrontar elementos que vemos todos los d\u00edas: injusticia, violaciones a los derechos humanos y pobreza\u201d.<\/div>\n<div>\u00a0<\/div>\n<div>Para Mons. Richard Alarc\u00f3n, Presidente de Per\u00fa: \u201cEste nuevo presidente nos ha despertado la gran expectativa de ser un hombre de mucha oraci\u00f3n, de mucha confianza en la iglesia y compromiso con los pobres. Estamos muy contentos de haberlo elegido como presidente de Caritas\u201d. \u00a0<\/div>\n<div>\u00a0<\/div>\n<div>Mons Fabio Henau, Presidente de Caritas Colombia: \u201cEl Cardenal es una persona \u00a0muy reconocida por su compromiso a favor de los pobres, posee una gran identidad de iglesia, as\u00ed que va a ser un gran seguimiento a este nuevo marco estrat\u00e9gico de la Confederaci\u00f3n y va a servir mucho m\u00e1s a la causa de unir cada vez el sentido cristiano de la caridad con todas las acciones que Caritas realiza\u201d.\u00a0<\/div>\n<div>\u00a0<\/div>\n<div>Para Juan Carlos Vel\u00e1squez, Secretario Ejecutivo de Caritas Bolivia: \u201cMe parece que es una persona madura, con una comuni\u00f3n eclesial fuerte, con un sentido de sensibilidad y compromiso social, sobretodo porque emerge del mundo asi\u00e1tico. Ello hace que sea un presidente que genera cierta cohesi\u00f3n y creo que va a llevar adelante el marco estrat\u00e9gico que ha sido planteado en esta Asamblea para los pr\u00f3ximos 4 a\u00f1os\u201d.\u00a0<\/div>\n<div>\u00a0<\/div>\n<div>En tanto, Jos\u00e9 Gautreau, de Caritas Rep\u00fablica Dominicana se\u00f1al\u00f3: \u201cCreo que se ha elegido a un hombre humilde, lo que es importante para llevar a cabo el plan estrat\u00e9gico basado en las directrices dadas por el Papa Francisco de una iglesia en salida. Emerge de un pa\u00eds que es demasiado vulnerable a multi-amenazas y por tanto a vivido en carne propia lo que significa el clamor de los pobres en situaciones de emergencia, as\u00ed que yo creo que re\u00fane todas las condiciones para hacer un buen trabajo\u201d.\u00a0<\/div>\n<div>\u00a0<\/div>\n<div>Desde M\u00e9xico, el Director de Caritas, Padre Patricio Sarlat, manifest\u00f3: \u201cMe parece un hombre muy cercano y sencillo, me cautiv\u00f3 su manera tan humilde de expresarse y sobretodo de estar en sinton\u00eda con el Papa francisco, me parece que es una gran elecci\u00f3n\u201d.<\/div>\n<div>\u00a0<\/div>\n<div>Por \u00faltimo, Lorenzo Figueroa, Director de Caritas Chile se\u00f1al\u00f3 que: \u201cCreo que esto genera una gran alegr\u00eda y satisfacci\u00f3n. \u00a0El esp\u00edritu con que Caritas elige sus autoridades da cuenta de una base democr\u00e1tica que nos gu\u00eda en la conducci\u00f3n, donde todas las Caritas tenemos el mismo derecho y valemos lo mismo. Creo que con Mons. Tagle se abre un ciclo interesante de una Caritas m\u00e1s integrada donde todos tenemos un rol en la Confederaci\u00f3n\u201d.\u00a0<\/div>\n<div>\u00a0<\/div>\n<div>Fuente: caritaslatinoamerica.org<\/div>\n<\/div>\n<p><a href=\"http:\/\/web.hilo.org.pe\/wp-content\/uploads\/cariasnuevopresidente.jpg\" target=\"_blank\" rel=\"noopener\">Ver archivo adjunto<\/a><\/p>\n","protected":false},"excerpt":{"rendered":"<p>La elecci\u00f3n se realiz\u00f3 en el marco de la Asamblea General que se lleva a cabo en Roma y fue muy celebrada por los miembros de Caritas Am\u00e9rica Latina y el Caribe, quienes mostraron su satisfacci\u00f3n por el nuevo presidente quien estar\u00e1 a la cabeza de la Confederaci\u00f3n por los pr\u00f3ximos cuatro a\u00f1os.<\/p>\n","protected":false},"author":1,"featured_media":7878,"comment_status":"closed","ping_status":"closed","sticky":false,"template":"","format":"standard","meta":{"footnotes":""},"categories":[9],"tags":[],"class_list":["post-2330","post","type-post","status-publish","format-standard","has-post-thumbnail","hentry","category-noticias"],"_links":{"self":[{"href":"https:\/\/ceas.org.pe\/index.php\/wp-json\/wp\/v2\/posts\/2330","targetHints":{"allow":["GET"]}}],"collection":[{"href":"https:\/\/ceas.org.pe\/index.php\/wp-json\/wp\/v2\/posts"}],"about":[{"href":"https:\/\/ceas.org.pe\/index.php\/wp-json\/wp\/v2\/types\/post"}],"author":[{"embeddable":true,"href":"https:\/\/ceas.org.pe\/index.php\/wp-json\/wp\/v2\/users\/1"}],"replies":[{"embeddable":true,"href":"https:\/\/ceas.org.pe\/index.php\/wp-json\/wp\/v2\/comments?post=2330"}],"version-history":[{"count":1,"href":"https:\/\/ceas.org.pe\/index.php\/wp-json\/wp\/v2\/posts\/2330\/revisions"}],"predecessor-version":[{"id":6881,"href":"https:\/\/ceas.org.pe\/index.php\/wp-json\/wp\/v2\/posts\/2330\/revisions\/6881"}],"wp:featuredmedia":[{"embeddable":true,"href":"https:\/\/ceas.org.pe\/index.php\/wp-json\/wp\/v2\/media\/7878"}],"wp:attachment":[{"href":"https:\/\/ceas.org.pe\/index.php\/wp-json\/wp\/v2\/media?parent=2330"}],"wp:term":[{"taxonomy":"category","embeddable":true,"href":"https:\/\/ceas.org.pe\/index.php\/wp-json\/wp\/v2\/categories?post=2330"},{"taxonomy":"post_tag","embeddable":true,"href":"https:\/\/ceas.org.pe\/index.php\/wp-json\/wp\/v2\/tags?post=2330"}],"curies":[{"name":"wp","href":"https:\/\/api.w.org\/{rel}","templated":true}]}}