{"id":2325,"date":"2015-05-12T10:53:45","date_gmt":"2015-05-12T10:53:45","guid":{"rendered":""},"modified":"2026-03-11T09:12:13","modified_gmt":"2026-03-11T14:12:13","slug":"brasil-colombia-y-pero-juntos-contra-explotacion-sexual-infantil","status":"publish","type":"post","link":"https:\/\/ceas.org.pe\/index.php\/2015\/05\/12\/brasil-colombia-y-pero-juntos-contra-explotacion-sexual-infantil\/","title":{"rendered":"Brasil, Colombia y Per\u00f3 juntos contra explotaci\u00f3n sexual infantil"},"content":{"rendered":"<p>\u00a0El Encuentro Trinacional Brasil, Colombia y Per\u00fa se realiz\u00f3 los d\u00edas 29 y 30 de abril en la Asamblea Legislativa del Amazonas (ALEM), en la ciudad de Manaos, Brasil. El objetivo fue establecer acuerdos y generar di\u00e1logo para la creaci\u00f3n de acciones conjuntas y luchar contra la explotaci\u00f3n sexual de ni\u00f1as, ni\u00f1os y adolescentes en la triple frontera.<\/p>\n<div>\u00a0<\/div>\n<div>Este Encuentro cont\u00f3 con la presencia de m\u00e1s de 30 representantes de instituciones del Estado, organizaciones civiles y organismos internacionales de los tres pa\u00edses, quienes por unanimidad decidieron continuar con los acuerdos realizados en el Encuentro Binacional Colombia \u2013 Per\u00fa llevado a cabo en noviembre del 2014 en la ciudad de Iquitos.<\/div>\n<div>\u00a0<\/div>\n<div>\u201cEstamos aqu\u00ed realizando estrategias para abordar la problem\u00e1tica desde una perspectiva regional entre los pa\u00edses a trav\u00e9s de la creaci\u00f3n de redes, la coordinaci\u00f3n intersectorial y del desaf\u00edo que presenta la existencia de otros problemas, pues la explotaci\u00f3n sexual es una forma de violencia que va acompa\u00f1ada de otras situaciones\u201d y que \u201cel 25 a 30 por ciento de las denuncias son de este tipo de delitos (explotaci\u00f3n sexual)\u201d subray\u00f3 Heloiza Egas, coordinadora general de la lucha contra la violencia sexual contra los ni\u00f1os, ni\u00f1as y adolescentes de la oficina de Derechos Humanos de la Presidencia de la Rep\u00fablica de Brasil, durante la inauguraci\u00f3n.<\/div>\n<div>\u00a0<\/div>\n<div>Asimismo, el diputado estatal Luiz Castro (PPS) se\u00f1al\u00f3 que \u201ctenemos que tener muy claro el papel de cada instituci\u00f3n y c\u00f3mo podemos trabajar juntos. Tambi\u00e9n hay que definir c\u00f3mo estas entidades colaborar\u00e1n con la informaci\u00f3n, las solicitudes de ayuda y conocer las experiencias que cada pa\u00eds tiene y ser un est\u00edmulo para los dem\u00e1s\u201d.<\/div>\n<div>\u00a0<\/div>\n<div>Entre las exposiciones brindadas destac\u00f3 la publicaci\u00f3n en espa\u00f1ol del Diagn\u00f3stico sobre tr\u00e1fico de personas en \u00e1reas de frontera, por la Secretar\u00eda Nacional de Justicia de Brasil, que trata de la din\u00e1mica, el tr\u00e1nsito y la migraci\u00f3n en la regi\u00f3n fronteriza. Los datos se centran en entornos socioecon\u00f3micos y familiares de brasile\u00f1os y extranjeros que han estado involucrados en la trata de personas.<\/div>\n<div>\u00a0<\/div>\n<div>Por su parte Colombia, a trav\u00e9s de la Fundaci\u00f3n Renacer en asociaci\u00f3n con UNICEF, present\u00f3 una investigaci\u00f3n realizada en varias regiones del pa\u00eds, donde se muestra el perfil de las v\u00edctimas de ESCNNA, el grado de escolarizaci\u00f3n, con quienes viven, tiempos m\u00ednimos que fueron vinculadas a la problem\u00e1tica, su conocimiento de las ITS y uso de protecci\u00f3n, consumo de drogas, escenarios, y nacionalidad de los familiares.<\/div>\n<div>\u00a0<\/div>\n<div>Mientras que Per\u00fa, a trav\u00e9s de la ONG CHS Alternativo, destac\u00f3 el trabajo articulado que viene realizando con las autoridades e instituciones privadas de Lima e Iquitos para la prevenci\u00f3n de la explotaci\u00f3n sexual de ni\u00f1as, ni\u00f1os y adolescentes en el \u00e1mbito de turismo y los viajes, en el marco del Movimiento Vuela Libre, como la organizaci\u00f3n del Encuentro Binacional Colombia-Per\u00fa en Iquitos, campa\u00f1a fronteriza en Pebas, Caballococha y Santa Rosa y talleres de sensibilizaci\u00f3n e informaci\u00f3n dirigido a los prestadores de servicios tur\u00edsticos. As\u00ed tambi\u00e9n se present\u00f3 las actividades planificadas para el 2015 como la Elaboraci\u00f3n de un estudio sobre los vac\u00edos legales que no permiten que se sancione la ESNNA en el sector turismo como se deber\u00eda; protocolo dirigido a prestadores de servicios tur\u00edsticos; seminarios a estudiantes de turismo y prestadores de servicios tur\u00edstico; entre otros.<\/div>\n<div>\u00a0<\/div>\n<div>Al finalizar se formaron dos equipos de trabajo para establecer pr\u00f3ximas acciones, a fin de cumplir con los acuerdos establecidos en el Encuentro en Iquitos, tales como conformar una Mesa de Trabajo con los principales aliados en la zona triple frontera para trabajar acciones de prevenci\u00f3n y seguimiento de las mismas; articular el trabajo entre las autoridades policiales de la zona de triple frontera; elaborar un diagn\u00f3stico inmediato que incluya la estructura de instituciones y\/o organizaciones que vea el tema de la ESNNA; consolidar la mesa t\u00e9cnica para la prevenci\u00f3n, atenci\u00f3n y \u00a0judicializaci\u00f3n, sanci\u00f3n en los temas de la ESNNA en la triple frontera; elaborar una ruta de atenci\u00f3n institucional y comunitaria en la triple frontera; y dise\u00f1ar una estrategia comunicacional conjunta para prevenir la ESNNA y convocar a los medios de comunicaci\u00f3n para que se sumen al trabajo.<\/div>\n<div>\u00a0<\/div>\n<div>El Encuentro fue organizado por ECPAT, IACAS, Secretaria de Derechos Humanos, Gobierno Federal Brasil, con el apoyo de Ministry of ForeignAffaiers of theNetherlands; Defence for Children, UNICEF y Assembleia Legislativa de Estado de Amazonas.<\/div>\n<div>\u00a0<\/div>\n<div>Fuente: CHS Alternativo<\/div>\n<p><a href=\"http:\/\/web.hilo.org.pe\/wp-content\/uploads\/explotacionsexual.jpg\" target=\"_blank\" rel=\"noopener\">Ver archivo adjunto<\/a><\/p>\n","protected":false},"excerpt":{"rendered":"<p>El Encuentro Trinacional Brasil, Colombia y Per? se realiz? los d?as 29 y 30 de abril en la Asamblea Legislativa del Amazonas (ALEM), en la ciudad de Manaos, Brasil. El objetivo fue establecer acuerdos y generar di?logo para la creaci?n de acciones conjuntas y luchar contra la explotaci?n sexual de ni?as, ni?os y adolescentes en la triple frontera.<\/p>\n","protected":false},"author":1,"featured_media":8061,"comment_status":"closed","ping_status":"closed","sticky":false,"template":"","format":"standard","meta":{"footnotes":""},"categories":[9],"tags":[],"class_list":["post-2325","post","type-post","status-publish","format-standard","has-post-thumbnail","hentry","category-noticias"],"_links":{"self":[{"href":"https:\/\/ceas.org.pe\/index.php\/wp-json\/wp\/v2\/posts\/2325","targetHints":{"allow":["GET"]}}],"collection":[{"href":"https:\/\/ceas.org.pe\/index.php\/wp-json\/wp\/v2\/posts"}],"about":[{"href":"https:\/\/ceas.org.pe\/index.php\/wp-json\/wp\/v2\/types\/post"}],"author":[{"embeddable":true,"href":"https:\/\/ceas.org.pe\/index.php\/wp-json\/wp\/v2\/users\/1"}],"replies":[{"embeddable":true,"href":"https:\/\/ceas.org.pe\/index.php\/wp-json\/wp\/v2\/comments?post=2325"}],"version-history":[{"count":1,"href":"https:\/\/ceas.org.pe\/index.php\/wp-json\/wp\/v2\/posts\/2325\/revisions"}],"predecessor-version":[{"id":6893,"href":"https:\/\/ceas.org.pe\/index.php\/wp-json\/wp\/v2\/posts\/2325\/revisions\/6893"}],"wp:featuredmedia":[{"embeddable":true,"href":"https:\/\/ceas.org.pe\/index.php\/wp-json\/wp\/v2\/media\/8061"}],"wp:attachment":[{"href":"https:\/\/ceas.org.pe\/index.php\/wp-json\/wp\/v2\/media?parent=2325"}],"wp:term":[{"taxonomy":"category","embeddable":true,"href":"https:\/\/ceas.org.pe\/index.php\/wp-json\/wp\/v2\/categories?post=2325"},{"taxonomy":"post_tag","embeddable":true,"href":"https:\/\/ceas.org.pe\/index.php\/wp-json\/wp\/v2\/tags?post=2325"}],"curies":[{"name":"wp","href":"https:\/\/api.w.org\/{rel}","templated":true}]}}