{"id":2324,"date":"2015-05-12T10:36:19","date_gmt":"2015-05-12T10:36:19","guid":{"rendered":""},"modified":"2026-03-11T09:12:13","modified_gmt":"2026-03-11T14:12:13","slug":"papa-francisco-nombro-a-nuevo-obispo-para-el-pero","status":"publish","type":"post","link":"https:\/\/ceas.org.pe\/index.php\/2015\/05\/12\/papa-francisco-nombro-a-nuevo-obispo-para-el-pero\/","title":{"rendered":"Papa Francisco nombr\u00f3 a nuevo obispo para el Per\u00f3"},"content":{"rendered":"<div>El Santo Padre nombr\u00f3 ayer al P. Jorge Izaguirre Rafael, de la Congregaci\u00f3n de Santa Cruz presente en Per\u00fa, como nuevo Obispo de Chuquibamba (Arequipa). Sucede al obispo Mario Busquets, cuya renuncia al gobierno pastoral de la mencionada i\u00f3cesis fue aceptada por l\u00edmite de edad<\/div>\n<div>\u00a0<\/div>\n<div>El obispo electo naci\u00f3 en 1968 en Casma (Per\u00fa), pronunci\u00f3 los votos solemnes en 1996 y fue ordenado sacerdote en 1997. Es diplomado con master en Teolog\u00eda Pastoral poar la Weston Jesuit School of Theology de Boston (EE.UU).<\/div>\n<div>\u00a0<\/div>\n<div>En su ministerio pastoral ha desempe\u00f1ado diverso cargos en la pastoral directa y de formaci\u00f3n en su congregaci\u00f3n, entre otros, rector de casa de formaci\u00f3n, miembro del consejo del distrito de Per\u00fa, asistente del superior y p\u00e1rroco de El Se\u00f1or de la Esperanza. Actualmente era asistente general de la Congregaci\u00f3n de la Santa Cruz, Director de la Formaci\u00f3n y Superior de la Casa Internacional de Formaci\u00f3n de su congregaci\u00f3n en Santiago de Chile.\u00a0<\/div>\n<div>\u00a0<\/div>\n<div>Compartimos aqu\u00ed las primeras palabras del padre Jos\u00e9 Ahumada,csc, superior del Distrito de Per\u00fa y Chile de la mencionada congregaci\u00f3n religiosa.<\/div>\n<div>\u00a0<\/div>\n<div>Con alegr\u00eda les anunciamos que el Santo Padre ha nombrado ayer a nuestro hermano en Santa Cruz, P. Jorge Izaguirre Rafael, como nuevo Obispo de Chuquibamba (Arequipa).<\/div>\n<div>\u00a0<\/div>\n<div>Ustedes conocen de cerca los muchos dones espirituales, pastorales y humanos que tiene el P. Jorge por lo que estoy seguro har\u00e1 un importante aporte tanto a la Iglesia de Chuquibamba, como a todo el Per\u00fa. Nos alegramos por \u00e9l y pedimos al Se\u00f1or que le d\u00e9 toda la sabidur\u00eda y fortaleza en esta misi\u00f3n episcopal a la que ha sido llamado por el Se\u00f1or.<\/div>\n<div>\u00a0<\/div>\n<div>El padre Jorge ha sido siempre un gran sacerdote y religioso de la Congregaci\u00f3n. Su nombramiento es sin duda un reconocimiento para la labor que la Congregaci\u00f3n de Santa Cruz ha realizado por m\u00e1s de cincuenta a\u00f1os en el Per\u00fa.<\/div>\n<div>\u00a0<\/div>\n<div>\u00a0Al reconocer a uno de los nuestros como una persona digna para servir en el ministerio episcopal, es un claro apoyo a la labor pastoral, y de compromiso social que ha caracterizado a nuestra Congregaci\u00f3n en el Per\u00fa. Jorge seguir\u00e1 siempre siendo un hermano en Santa Cruz y contar\u00e1 con todo nuestro apoyo y oraciones para que pueda desempe\u00f1ar con ese celo apost\u00f3lico que nos ped\u00eda el Beato Basilio Moreau, la nueva misi\u00f3n que tendr\u00e1 en los pr\u00f3ximos a\u00f1os.<\/div>\n<div>\u00a0<\/div>\n<div>P. Jos\u00e9 Ahumada,csc<\/div>\n<div>Superior del Distrito de Per\u00fa y Chile<\/div>\n<div>\u00a0<\/div>\n<p><a href=\"http:\/\/web.hilo.org.pe\/wp-content\/uploads\/obispo de santa cruz.jpg\" target=\"_blank\" rel=\"noopener\">Ver archivo adjunto<\/a><\/p>\n","protected":false},"excerpt":{"rendered":"<p>El Santo Padre nombr? ayer al P. Jorge Izaguirre Rafael, de la Congregaci?n de Santa Cruz presente en Per?, como nuevo Obispo de Chuquibamba (Arequipa). Sucede al obispo Mario Busquets, cuya renuncia al gobierno pastoral de la mencionada i?cesis fue aceptada por l?mite de edad<\/p>\n","protected":false},"author":1,"featured_media":7855,"comment_status":"closed","ping_status":"closed","sticky":false,"template":"","format":"standard","meta":{"footnotes":""},"categories":[9],"tags":[],"class_list":["post-2324","post","type-post","status-publish","format-standard","has-post-thumbnail","hentry","category-noticias"],"_links":{"self":[{"href":"https:\/\/ceas.org.pe\/index.php\/wp-json\/wp\/v2\/posts\/2324","targetHints":{"allow":["GET"]}}],"collection":[{"href":"https:\/\/ceas.org.pe\/index.php\/wp-json\/wp\/v2\/posts"}],"about":[{"href":"https:\/\/ceas.org.pe\/index.php\/wp-json\/wp\/v2\/types\/post"}],"author":[{"embeddable":true,"href":"https:\/\/ceas.org.pe\/index.php\/wp-json\/wp\/v2\/users\/1"}],"replies":[{"embeddable":true,"href":"https:\/\/ceas.org.pe\/index.php\/wp-json\/wp\/v2\/comments?post=2324"}],"version-history":[{"count":1,"href":"https:\/\/ceas.org.pe\/index.php\/wp-json\/wp\/v2\/posts\/2324\/revisions"}],"predecessor-version":[{"id":6894,"href":"https:\/\/ceas.org.pe\/index.php\/wp-json\/wp\/v2\/posts\/2324\/revisions\/6894"}],"wp:featuredmedia":[{"embeddable":true,"href":"https:\/\/ceas.org.pe\/index.php\/wp-json\/wp\/v2\/media\/7855"}],"wp:attachment":[{"href":"https:\/\/ceas.org.pe\/index.php\/wp-json\/wp\/v2\/media?parent=2324"}],"wp:term":[{"taxonomy":"category","embeddable":true,"href":"https:\/\/ceas.org.pe\/index.php\/wp-json\/wp\/v2\/categories?post=2324"},{"taxonomy":"post_tag","embeddable":true,"href":"https:\/\/ceas.org.pe\/index.php\/wp-json\/wp\/v2\/tags?post=2324"}],"curies":[{"name":"wp","href":"https:\/\/api.w.org\/{rel}","templated":true}]}}