{"id":2323,"date":"2015-05-11T11:48:31","date_gmt":"2015-05-11T11:48:31","guid":{"rendered":""},"modified":"2026-03-11T09:12:13","modified_gmt":"2026-03-11T14:12:13","slug":"comunicado-con-respecto-a-acontecimientos-en-islay","status":"publish","type":"post","link":"https:\/\/ceas.org.pe\/index.php\/2015\/05\/11\/comunicado-con-respecto-a-acontecimientos-en-islay\/","title":{"rendered":"Comunicado con respecto a acontecimientos en Islay"},"content":{"rendered":"<div>Ante los sucesos que vienen ocurriendo en el sur del pa\u00eds, particularmente en la Provincia de Islay, con motivo del proyecto minero \u201cT\u00eda Mar\u00eda\u201d, llamamos a una profunda reflexi\u00f3n, que desemboque en una pronta acci\u00f3n en defensa de la vida, la construcci\u00f3n de la paz y la justicia.<\/div>\n<div>\u00a0<\/div>\n<div>Tenemos conocimiento de la importancia de proyectos como el de T\u00eda Mar\u00eda porque implicar\u00e1n altos \u00a0niveles de inversi\u00f3n para la econom\u00eda de la regi\u00f3n y del pa\u00eds, con la consecuente creaci\u00f3n de puestos de trabajo, importantes obras de infraestructura y el aporte a los recursos p\u00fablicos, especialmente regionales y locales, con todo lo que ello implicar\u00eda en favor de la calidad de vida.<\/div>\n<div>\u00a0<\/div>\n<div>Sin embargo, nos preocupa las poblaciones que durante a\u00f1os viven de la agricultura, dinamizada en los \u00faltimos tiempos, que es necesario promover y proteger, puesto que favorece \u00a0la alimentaci\u00f3n y una muy importante generaci\u00f3n de puestos de trabajo, que mejora la econom\u00eda de las familias, la regi\u00f3n y del pa\u00eds en su conjunto. En el importante valle del r\u00edo Tambo, para favorecer la agricultura, es necesario proteger el agua tanto superficial como del subsuelo. La calidad del aire y de la tierra es \u00a0tambi\u00e9n esencial para lograr los necesarios niveles de productividad. Nuestra mirada debe incluir el bien com\u00fan, el cuidado de la Creaci\u00f3n, un desarrollo verdaderamente humano, sostenible y solidario.<\/div>\n<div>\u00a0<\/div>\n<div>Lamentamos profundamente los hechos de violencia que se vienen suscitando y en particular la muerte \u00a0de hermanos nuestros, como Victoriano Huayna y Henry Checlla. \u00a1No debe haber m\u00e1s v\u00edctimas\u00a1. Lamentamos tambi\u00e9n los numerosos heridos tanto de la polic\u00eda como de civiles que ya son muchos. \u00a1No m\u00e1s violencia\u00a1. Llamamos a las fuerzas del orden y tambi\u00e9n a la poblaci\u00f3n civil a reafirmar el respeto por los derechos humanos y por la paz. Es sumamente necesario retomar el di\u00e1logo alturado, con la buena voluntad de todas las partes implicadas, que deben participar en \u00e9l para que se restablezca la Paz.\u00a0<\/div>\n<div>\u00a0<\/div>\n<div>Como lo hemos manifestado en el Comunicado de los Obispos del Per\u00fa de enero del presente a\u00f1o: \u201cLa paz es la buena noticia del Evangelio. La debemos construir entre todos, porque son \u00abBienaventurados los que trabajan por la paz\u00bb (Mt 5,9). En ese sentido, ratificamos nuestra voluntad de respaldar y apoyar las iniciativas para restablecer el di\u00e1logo y la construcci\u00f3n de Paz.<\/div>\n<div>\u00a0<\/div>\n<div>Que Mar\u00eda, Nuestra Se\u00f1ora de la Paz, nos ayude a lograr el restablecimiento de la paz en el sur y en todo nuestro amado Per\u00fa.<\/div>\n<div>\u00a0<\/div>\n<div>\u00a0<\/div>\n<div>Mons. Salvador Pi\u00f1eiro Garc\u00eda-Calder\u00f3n<\/div>\n<div>Arzobispo de Ayacucho<\/div>\n<div>Presidente de la Conferencia Episcopal Peruana<\/div>\n<div>\u00a0<\/div>\n<div>\u00a0<\/div>\n<div>Mons. Miguel Cabrejos Vidarte OFM \u00a0 \u00a0 \u00a0 \u00a0Mons. Pedro Barreto Jimeno SJ<\/div>\n<div>Arzobispo de Trujillo \u00a0 \u00a0 \u00a0 \u00a0 \u00a0 \u00a0 \u00a0 \u00a0 \u00a0 \u00a0 \u00a0 \u00a0 \u00a0 \u00a0 \u00a0 \u00a0 \u00a0 \u00a0 \u00a0 \u00a0 \u00a0 \u00a0 \u00a0 Arzobispo de Huancayo<\/div>\n<div>Primer VicePresidente de la CEP \u00a0 \u00a0 \u00a0 \u00a0 \u00a0 \u00a0 \u00a0 Segundo VicePresidente de la CEP<\/div>\n<div>\u00a0<\/div>\n<p><a href=\"http:\/\/web.hilo.org.pe\/wp-content\/uploads\/logo conferencia episcopal.jpg\" target=\"_blank\" rel=\"noopener\">Ver archivo adjunto<\/a><\/p>\n","protected":false},"excerpt":{"rendered":"<p>Ante los sucesos que vienen ocurriendo en el sur del pa?s, particularmente en la Provincia de Islay, con motivo del proyecto minero ?T?a Mar?a?, llamamos a una profunda reflexi?n, que desemboque en una pronta acci?n en defensa de la vida, la construcci?n de la paz y la justicia.<\/p>\n","protected":false},"author":1,"featured_media":8057,"comment_status":"closed","ping_status":"closed","sticky":false,"template":"","format":"standard","meta":{"footnotes":""},"categories":[9],"tags":[],"class_list":["post-2323","post","type-post","status-publish","format-standard","has-post-thumbnail","hentry","category-noticias"],"_links":{"self":[{"href":"https:\/\/ceas.org.pe\/index.php\/wp-json\/wp\/v2\/posts\/2323","targetHints":{"allow":["GET"]}}],"collection":[{"href":"https:\/\/ceas.org.pe\/index.php\/wp-json\/wp\/v2\/posts"}],"about":[{"href":"https:\/\/ceas.org.pe\/index.php\/wp-json\/wp\/v2\/types\/post"}],"author":[{"embeddable":true,"href":"https:\/\/ceas.org.pe\/index.php\/wp-json\/wp\/v2\/users\/1"}],"replies":[{"embeddable":true,"href":"https:\/\/ceas.org.pe\/index.php\/wp-json\/wp\/v2\/comments?post=2323"}],"version-history":[{"count":1,"href":"https:\/\/ceas.org.pe\/index.php\/wp-json\/wp\/v2\/posts\/2323\/revisions"}],"predecessor-version":[{"id":6895,"href":"https:\/\/ceas.org.pe\/index.php\/wp-json\/wp\/v2\/posts\/2323\/revisions\/6895"}],"wp:featuredmedia":[{"embeddable":true,"href":"https:\/\/ceas.org.pe\/index.php\/wp-json\/wp\/v2\/media\/8057"}],"wp:attachment":[{"href":"https:\/\/ceas.org.pe\/index.php\/wp-json\/wp\/v2\/media?parent=2323"}],"wp:term":[{"taxonomy":"category","embeddable":true,"href":"https:\/\/ceas.org.pe\/index.php\/wp-json\/wp\/v2\/categories?post=2323"},{"taxonomy":"post_tag","embeddable":true,"href":"https:\/\/ceas.org.pe\/index.php\/wp-json\/wp\/v2\/tags?post=2323"}],"curies":[{"name":"wp","href":"https:\/\/api.w.org\/{rel}","templated":true}]}}