{"id":2320,"date":"2015-05-08T10:25:49","date_gmt":"2015-05-08T10:25:49","guid":{"rendered":""},"modified":"2026-03-11T09:12:13","modified_gmt":"2026-03-11T14:12:13","slug":"francisco-se-reuniro-por-primera-vez-con-representantes-de-las-coritas","status":"publish","type":"post","link":"https:\/\/ceas.org.pe\/index.php\/2015\/05\/08\/francisco-se-reuniro-por-primera-vez-con-representantes-de-las-coritas\/","title":{"rendered":"Francisco se reunir\u00f3 por primera vez con representantes de las C\u00f3ritas"},"content":{"rendered":"<p>El papa Francisco se reunir\u00e1 por primera vez con todos los representantes de las C\u00e1ritas que hacen posible la la Confederaci\u00f3n de Caritas Internationalis (CI), la organizaci\u00f3n de caridad m\u00e1s grande de la Iglesia cat\u00f3lica.<\/p>\n<div>\u00a0<\/div>\n<div>En la Bas\u00edlica de San Pedro, el Santo Padre presidir\u00e1 la misa de bienvenida para las m\u00e1s de 160 C\u00e1ritas que se re\u00fanen en Asamblea General en Roma, del 11 al 17 de mayo pr\u00f3ximos, como lo hace cada cuatros a\u00f1os esta red de asistencia y promoci\u00f3n humana que tiene presencia en casi todo el mundo.<\/div>\n<div>\u00a0<\/div>\n<div>\u201cNos hemos reunido todos en esta Asamblea General para rezar, interpretar los signos de los tiempos, elegir a los directivos de la Confederaci\u00f3n, orientar y financiar nuestro trabajo, en el \u00e1mbito internacional, por el bien de los pobres y marginados a quienes servimos\u201d, dice la gu\u00eda de la Asamblea que se le proporcion\u00f3 a los asistentes, y que pone especial \u00e9nfasis en el cuidado de Creaci\u00f3n.<\/div>\n<div>\u00a0<\/div>\n<div>De muchos y diversos rincones peregrinan a Roma, obispos, sacerdotes, religiosas y un mayor n\u00famero de laicos, hombres y mujeres, comprometidos con su Iglesia, que hoy dirigen o tienen un peso muy importante en las decisiones que se toman en las C\u00e1ritas del mundo y en la internacional.<\/div>\n<div>\u00a0<\/div>\n<div>El primer encuentro con el Papa Francisco genera gran expectativa entre los responsables de poner en pr\u00e1ctica las acciones que dictan la doctrina social de la Iglesia, pues el Pont\u00edfice quiere una Iglesia para los pobres, sin exclusiones, que promueva el bien com\u00fan y la dignidad del hombre, los mismos ideales de caridad de C\u00e1ritas.<\/div>\n<div>\u00a0<\/div>\n<div>\u201cTenemos mucha expectativa sobre el mensaje del Santo Padre, por su forma de ser, su compromiso con el mundo de los pobres, por su inserci\u00f3n en el servicio sacerdotal, particularmente en Argentina\u201d, comenta el padre Francisco Hern\u00e1ndez, secretario Ejecutivo de C\u00e1ritas Am\u00e9rica Latina y el Caribe, quien apoya a los delegados de la regi\u00f3n en su participaci\u00f3n.<\/div>\n<div>\u00a0<\/div>\n<div>\u201cLo que hemos percibido los que nos dedicamos a la dimensi\u00f3n social de la evangelizaci\u00f3n, es que con este Pontificado hay much\u00edsima fortaleza. Hay un espacio donde puedes expresar, donde puedes crear; hay menos preocupaci\u00f3n por lo jur\u00eddico. Es un excelente espacio para hacer. Tenemos esa oportunidad y decimos \u2018aprovechemos lo m\u00e1ximo posible\u2019 un Pontificado de coraz\u00f3n abierto, que con una visi\u00f3n de un Dios sonriente, humilde, misericordioso, benevolente, cargado y lleno de ternura, mira a su pueblo con una perspectiva de vida y esperanza\u201d.<\/div>\n<div>\u00a0<\/div>\n<div>\u2013Se le pregunta al padre Francisco por la prisa que muestran los cristianos cat\u00f3licos por realizar estos cambios.<\/div>\n<div>\u00a0<\/div>\n<div>\u00abCreo que es un Papa con un vigor muy particular en la b\u00fasqueda de la transformaci\u00f3n de algunas realidades eclesiales. Esos procesos de cambio permiten una mayor flexibilidad en los procesos pastorales, sobre todo en el campo social, yo creo que por ah\u00ed es el sentir que tenemos: un excelente campo de f\u00fatbol y todos quieren meter la mayor cantidad de goles posibles en los 90 minutos del Papa Francisco\u00bb.<\/div>\n<div>\u00a0<\/div>\n<div>El objetivo general de la Asamblea es construir de manera participativa el plan estrat\u00e9gico de CI, el cual obliga a todas las C\u00e1ritas del mundo y a la gente comprometida con esta misi\u00f3n de la Iglesia, explic\u00f3.<\/div>\n<div>\u00a0<\/div>\n<div>Adem\u00e1s, se elige nuevo presidente, secretario general, tesorero, consejo representativo, entre otras estructuras. Se discuten presupuestos, financiamientos, entre muchos asuntos operativos y administrativos.<\/div>\n<div>\u00a0<\/div>\n<div>La delegaci\u00f3n de Am\u00e9rica Latina y el Caribe participar\u00e1 en la Asamblea General de CI impulsando los temas de desarrollo, medioambiente, gesti\u00f3n de riesgo, emergencias, derechos humanos, econ\u00f3micos, culturales y las migraciones.<\/div>\n<div>\u00a0<\/div>\n<div>Particularmente, los de equidad de g\u00e9nero al interior de la Iglesia y en las realidades nacionales. Sobre las comunicaciones, buscar la mejor forma de mostrar qui\u00e9nes somos y qu\u00e9 hacemos, de poder llevar el evangelio y su mensaje social. El empoderamiento de las comunidades, participaci\u00f3n ciudadana e incidencia, son otros tres puntos que se abordar\u00e1n.<\/div>\n<div>\u00a0<\/div>\n<div>\u201cNos interesan muchos los temas de la identidad de las C\u00e1ritas, de su misi\u00f3n, visi\u00f3n a partir de la persona de Jes\u00fas; la capacidad que tengamos de fortalecer nuestros \u00f3rganos diocesanos, la articulaci\u00f3n y fortalecimiento de las organizaciones parroquiales; cumplir con los est\u00e1ndares de gesti\u00f3n, sobre todo en los c\u00f3digos de conducta, c\u00f3digos de transparencia&#8230; Vamos a estar muy atentos a que no pasen inadvertidos y a tratar de que sean tem\u00e1ticas que se expresen en el plan estrat\u00e9gico de la Confederaci\u00f3n de CI\u201d, explic\u00f3 el padre Francisco en entrevista.<\/div>\n<div>\u00a0<\/div>\n<div>En esta ocasi\u00f3n, la reuni\u00f3n se extender\u00e1 hasta el 19 de mayo, en la EXPO Mil\u00e1n 2015, donde se dedica un espacio al D\u00eda de C\u00e1ritas, y se promueve la campa\u00f1a: \u201cUna sola familia humana, alimentos para todos\u201d, que busca erradicar el hambre para el a\u00f1o 2025.<\/div>\n<div>\u00a0<\/div>\n<div>Fuente: caritaslatinoamerica.org<\/div>\n<div>\u00a0<\/div>\n<div>\u00a0<\/div>\n<p><a href=\"http:\/\/web.hilo.org.pe\/wp-content\/uploads\/papacaritas.jpg\" target=\"_blank\" rel=\"noopener\">Ver archivo adjunto<\/a><\/p>\n","protected":false},"excerpt":{"rendered":"<p>El papa Francisco se reunir? por primera vez con todos los representantes de las C?ritas que hacen posible la la Confederaci?n de Caritas Internationalis (CI), la organizaci?n de caridad m?s grande de la Iglesia cat?lica.<\/p>\n","protected":false},"author":1,"featured_media":7855,"comment_status":"closed","ping_status":"closed","sticky":false,"template":"","format":"standard","meta":{"footnotes":""},"categories":[9],"tags":[],"class_list":["post-2320","post","type-post","status-publish","format-standard","has-post-thumbnail","hentry","category-noticias"],"_links":{"self":[{"href":"https:\/\/ceas.org.pe\/index.php\/wp-json\/wp\/v2\/posts\/2320","targetHints":{"allow":["GET"]}}],"collection":[{"href":"https:\/\/ceas.org.pe\/index.php\/wp-json\/wp\/v2\/posts"}],"about":[{"href":"https:\/\/ceas.org.pe\/index.php\/wp-json\/wp\/v2\/types\/post"}],"author":[{"embeddable":true,"href":"https:\/\/ceas.org.pe\/index.php\/wp-json\/wp\/v2\/users\/1"}],"replies":[{"embeddable":true,"href":"https:\/\/ceas.org.pe\/index.php\/wp-json\/wp\/v2\/comments?post=2320"}],"version-history":[{"count":1,"href":"https:\/\/ceas.org.pe\/index.php\/wp-json\/wp\/v2\/posts\/2320\/revisions"}],"predecessor-version":[{"id":6898,"href":"https:\/\/ceas.org.pe\/index.php\/wp-json\/wp\/v2\/posts\/2320\/revisions\/6898"}],"wp:featuredmedia":[{"embeddable":true,"href":"https:\/\/ceas.org.pe\/index.php\/wp-json\/wp\/v2\/media\/7855"}],"wp:attachment":[{"href":"https:\/\/ceas.org.pe\/index.php\/wp-json\/wp\/v2\/media?parent=2320"}],"wp:term":[{"taxonomy":"category","embeddable":true,"href":"https:\/\/ceas.org.pe\/index.php\/wp-json\/wp\/v2\/categories?post=2320"},{"taxonomy":"post_tag","embeddable":true,"href":"https:\/\/ceas.org.pe\/index.php\/wp-json\/wp\/v2\/tags?post=2320"}],"curies":[{"name":"wp","href":"https:\/\/api.w.org\/{rel}","templated":true}]}}