{"id":2317,"date":"2015-05-07T12:37:22","date_gmt":"2015-05-07T12:37:22","guid":{"rendered":""},"modified":"2026-03-11T09:12:13","modified_gmt":"2026-03-11T14:12:13","slug":"papa-bendice-la-biblia-de-la-iglesia-en-amorica","status":"publish","type":"post","link":"https:\/\/ceas.org.pe\/index.php\/2015\/05\/07\/papa-bendice-la-biblia-de-la-iglesia-en-amorica\/","title":{"rendered":"Papa bendice la Biblia de la Iglesia en Am\u00f3rica"},"content":{"rendered":"<p>DAR\u00cdO MENOR (ROMA) | El papa Francisco ya tiene en sus manos el Nuevo Testamento de la Biblia de la Iglesia en Am\u00e9rica (BIA), el gran proyecto editorial realizado por el Consejo Episcopal Latinoamericano (CELAM) y financiado por el Episcopado estadounidense.<\/p>\n<p>El presidente del CELAM, el mexicano Carlos Aguiar Retes, arzobispo de Tlalnepantla, y su secretario general, el chileno Santiago Silva Retamales, obispo auxiliar de Valpara\u00edso, entregaron al Pont\u00edfice una copia de esta primera parte de la BIA en una audiencia celebrada ayer mi\u00e9rcoles 6 de mayo, en la Domus Santa Marta, la residencia vaticana donde vive Jorge Mario Bergoglio. En el encuentro particip\u00f3 tambi\u00e9n Aurelio Matos, director general global de PPC (empresa editora de Vida Nueva), encargada de la publicaci\u00f3n del Nuevo Testamento de la BIA.<\/p>\n<p>\u00a0<\/p>\n<div>Para Francisco, ver la primera parte de esta traducci\u00f3n de la Biblia realizada por y para los hispanohablantes de toda Am\u00e9rica supuso recoger \u201cun fruto esperado\u201d. \u201cLo valor\u00f3 enormemente y se comprometi\u00f3 a leer pasajes b\u00edblicos junto con sus notas de este Nuevo Testamento y hacernos saber su parecer\u201d, explicaron Aguiar Retes y Silva Retamales tras la audiencia con el Papa, que dur\u00f3 unos 45 minutos.<\/div>\n<div>\u00a0<\/div>\n<div>En su conversaci\u00f3n, tambi\u00e9n hablaron sobre la situaci\u00f3n del CELAM y la pr\u00f3xima asamblea general, en la que se elegir\u00e1 a una nueva presidencia. Por ello, Aguiar Retes y Silva Retamales le entregaron una memoria explicativa de las actividades y las gestiones realizadas durante el tiempo que han estado al frente de este organismo.<\/div>\n<div>papa Francisco recibe el Nuevo Testamento BIA del CELAM y PPC, con Carlos Aguiar, Santiago Silva Retamales y Aurelio Matos 6 mayo 2015<\/div>\n<div>El presidente del CELAM, Carlos Aguiar Retes<\/div>\n<div>\u00a0<\/div>\n<div><strong>La importancia de la Palabra de Dios<\/strong><\/div>\n<div>\u00a0<\/div>\n<div>Francisco valor\u00f3 los recursos y el tiempo invertidos en este proyecto, iniciado hace diez a\u00f1os. \u201cEn lo que m\u00e1s insisti\u00f3 fue en la importancia que tiene la Palabra de Dios en la formaci\u00f3n y seguimiento de Jesucristo por parte de todo cristiano. Sin ella no hay conocimiento de Jesucristo ni amor hacia \u00c9l ni a los hermanos\u201d, contaron el presidente y el secretario general del CELAM.<\/div>\n<div>\u00a0<\/div>\n<div>A juicio de ambos, la BIA representa el momento de \u201cmadurez b\u00edblica\u201d y el \u201cempuje de la nueva evangelizaci\u00f3n\u201d que ha alcanzado la comunidad eclesi\u00e1stica en Am\u00e9rica Latina. \u201cEs una Iglesia que cada vez m\u00e1s quiere salir al mundo con el anuncio de la Palabra. Traducir la Biblia y ofrecerla a familias, hombres y mujeres del continente nos hace una \u2018Iglesia en salida\u2019\u201d.<\/div>\n<div>\u00a0<\/div>\n<div>Aguiar Retes y Silva Retamales hablaron con el Papa sobre los destinatarios de la BIA y sus traductores, algunos de los cuales Francisco conoc\u00eda. Tambi\u00e9n trataron la posibilidad de confeccionar los leccionarios a partir de este texto b\u00edblico para el servicio lit\u00fargico de las conferencias episcopales. Igualmente, mostraron la importancia de que la Palabra de Dios llegue a todo el Pueblo de Dios \u201cde modo accesible no solo en cuanto al dinero se refiere, sino tambi\u00e9n accesible en su lectura\u201d.<\/div>\n<div>\u00a0<\/div>\n<div>papa Francisco recibe el Nuevo Testamento BIA del CELAM y PPC, con Carlos Aguiar, Santiago Silva Retamales y Aurelio Matos 6 mayo 2015<\/div>\n<div>Francisco saluda a Aurelio Matos, director global de PPC<\/div>\n<div>\u00a0<\/div>\n<div><strong>La comunidad cristiana latinoamericana, \u201ca la vanguardia\u201d<\/strong><\/div>\n<div>\u00a0<\/div>\n<div>Para los miembros de la c\u00fapula del CELAM, esta iniciativa coloca a la comunidad cristiana latinoamericana \u201ca la vanguardia\u201d. \u201cNunca se hab\u00eda afrontado un desaf\u00edo de tama\u00f1a importancia pastoral como la traducci\u00f3n de la Sagrada Escritura hecha por latinoamericanos y para latinoamericanos\u201d, destacaron, agradeciendo la \u201cindispensable ayuda\u201d, especialmente financiera, brindada por el Episcopado estadounidense, que ha acompa\u00f1ado de forma permanente el proceso de traducci\u00f3n. De hecho, el proyecto de la BIA naci\u00f3 porque la Conferencia Episcopal de los Estados Unidos quer\u00eda contar con una Biblia en lengua espa\u00f1ola para la comunidad hispanohablante que reside en aquel pa\u00eds.<\/div>\n<div>\u00a0<\/div>\n<div>Para el presidente y el secretario general del CELAM, siempre ha estado claro que la BIA no deb\u00eda \u201cocupar el puesto que otras biblias tienen en la alimentaci\u00f3n de la fe de tantos cristianos\u201d, sino complementarlas, de modo que \u201cla riqueza de todas las biblias que hoy utilizamos contribuya a un testimonio de Jes\u00fas m\u00e1s actual y valiente\u201d.<\/div>\n<div>\u00a0<\/div>\n<div>Ambos relataron que, durante la conversaci\u00f3n con el Papa, se produjo un momento divertido: despu\u00e9s de que el Pont\u00edfice les pidiera que \u201chicieran l\u00edo\u201d, hablaron sobre c\u00f3mo traducir esta expresi\u00f3n a otras lenguas distintas al espa\u00f1ol.<\/div>\n<div>\u00a0<\/div>\n<div>Por su parte, Aurelio Matos tambi\u00e9n agradeci\u00f3 la deferencia de Francisco al recibirles y destac\u00f3 el trato \u201cdulce y amable\u201d que les brind\u00f3, as\u00ed como la gran atenci\u00f3n con la que sigui\u00f3 las explicaciones de la BIA.<\/div>\n<div>\u00a0<\/div>\n<div>Fuente: vidanueva.es<\/div>\n<p><a href=\"http:\/\/web.hilo.org.pe\/wp-content\/uploads\/20150507_papabiblia2.jpg\" target=\"_blank\" rel=\"noopener\">Ver archivo adjunto<\/a><\/p>\n","protected":false},"excerpt":{"rendered":"<p>DAR?O MENOR (ROMA) | El papa Francisco ya tiene en sus manos el Nuevo Testamento de la Biblia de la Iglesia en Am?rica (BIA), el gran proyecto editorial realizado por el Consejo Episcopal Latinoamericano (CELAM) y financiado por el Episcopado estadounidense.<\/p>\n","protected":false},"author":1,"featured_media":7870,"comment_status":"closed","ping_status":"closed","sticky":false,"template":"","format":"standard","meta":{"footnotes":""},"categories":[9],"tags":[],"class_list":["post-2317","post","type-post","status-publish","format-standard","has-post-thumbnail","hentry","category-noticias"],"_links":{"self":[{"href":"https:\/\/ceas.org.pe\/index.php\/wp-json\/wp\/v2\/posts\/2317","targetHints":{"allow":["GET"]}}],"collection":[{"href":"https:\/\/ceas.org.pe\/index.php\/wp-json\/wp\/v2\/posts"}],"about":[{"href":"https:\/\/ceas.org.pe\/index.php\/wp-json\/wp\/v2\/types\/post"}],"author":[{"embeddable":true,"href":"https:\/\/ceas.org.pe\/index.php\/wp-json\/wp\/v2\/users\/1"}],"replies":[{"embeddable":true,"href":"https:\/\/ceas.org.pe\/index.php\/wp-json\/wp\/v2\/comments?post=2317"}],"version-history":[{"count":1,"href":"https:\/\/ceas.org.pe\/index.php\/wp-json\/wp\/v2\/posts\/2317\/revisions"}],"predecessor-version":[{"id":6901,"href":"https:\/\/ceas.org.pe\/index.php\/wp-json\/wp\/v2\/posts\/2317\/revisions\/6901"}],"wp:featuredmedia":[{"embeddable":true,"href":"https:\/\/ceas.org.pe\/index.php\/wp-json\/wp\/v2\/media\/7870"}],"wp:attachment":[{"href":"https:\/\/ceas.org.pe\/index.php\/wp-json\/wp\/v2\/media?parent=2317"}],"wp:term":[{"taxonomy":"category","embeddable":true,"href":"https:\/\/ceas.org.pe\/index.php\/wp-json\/wp\/v2\/categories?post=2317"},{"taxonomy":"post_tag","embeddable":true,"href":"https:\/\/ceas.org.pe\/index.php\/wp-json\/wp\/v2\/tags?post=2317"}],"curies":[{"name":"wp","href":"https:\/\/api.w.org\/{rel}","templated":true}]}}