{"id":2311,"date":"2015-05-04T14:07:36","date_gmt":"2015-05-04T14:07:36","guid":{"rendered":""},"modified":"2026-03-11T09:12:13","modified_gmt":"2026-03-11T14:12:13","slug":"francisco-que-todos-puedan-comer-de-los-frutos-de-la-tierra","status":"publish","type":"post","link":"https:\/\/ceas.org.pe\/index.php\/2015\/05\/04\/francisco-que-todos-puedan-comer-de-los-frutos-de-la-tierra\/","title":{"rendered":"Francisco: \u00abQue todos puedan comer de los frutos de la tierra\u00bb"},"content":{"rendered":"<p>Queridos amigos, el Papa Francisco particip\u00f3 en la ceremonia de inauguraci\u00f3n de la Exposici\u00f3n Universal de Mil\u00e1n 2015, a trav\u00e9s de una conexi\u00f3n televisiva. Les ofrecemos algunos fragmentos de su intervenci\u00f3n, dirigida al mundo entero:\u00a0<\/p>\n<div>\u00a0<\/div>\n<div>\u00abMi voz (\u2026) es la voz del Obispo de Roma, que habla en nombre del pueblo de Dios peregrino en el mundo entero; es la voz de tantos pobres que son parte de este pueblo y con dignidad buscan ganarse el pan con el sudor de la frente.\u00a0<\/div>\n<div>\u00a0<\/div>\n<div>Quisiera hacerme portavoz de todos estos hermanos y hermanas nuestros, cristianos y tambi\u00e9n no cristianos, que Dios ama como hijos y por los cuales ha dado la vida, ha partido el pan que es la carne de su Hijo hecho hombre. \u00c9l nos ha ense\u00f1ado a pedir a Dios Padre: \u201cDanos hoy nuestro pan de cada d\u00eda\u201d.\u00a0<\/div>\n<div>\u00a0<\/div>\n<div>Nos re\u00fane el tema: \u201cNutrir el planeta, energ\u00eda para la vida\u201d. Tambi\u00e9n por esto debemos agradecer al Se\u00f1or; por la elecci\u00f3n de un tema tan importante, tan esencial\u2026con tal que no se quede s\u00f3lo en un \u201ctema\u201d, con tal que vaya siempre acompa\u00f1ado por la conciencia de los \u201crostros\u201d: los rostros de millones de personas que hoy tienen hambre, que hoy no comer\u00e1n en modo digno, un modo digno de un ser humano.\u00a0<\/div>\n<div>\u00a0<\/div>\n<div>Hagamos que esta Exposici\u00f3n sea ocasi\u00f3n de un cambio de mentalidad, para terminar de pensar que nuestras acciones cotidianas &#8211; en cada grado de responsabilidad \u2013 no tienen un impacto sobre la vida de quien, cerca o lejos, sufre el hambre. Pienso en tantos hombres y mujeres que sufren el hambre y especialmente en la multitud de ni\u00f1os que mueren de hambre en el mundo.<\/div>\n<div>\u00a0<\/div>\n<div>Mi deseo es que esta experiencia permita a los empresarios, a los comerciantes, a los estudiosos, sentirse involucrados en un gran proyecto de solidaridad: nutrir el planeta en el respeto de todo hombre y mujer que lo habita y en el respeto del ambiente natural.<\/div>\n<div>\u00a0<\/div>\n<div>\u00c9ste en un gran desaf\u00edo al cual Dios llama la humanidad del siglo XXI: terminar finalmente de abusar del jard\u00edn que Dios nos ha confiado, para que todos puedan comer de los frutos de este jard\u00edn.\u00a0<\/div>\n<div>\u00a0<\/div>\n<div>Que el Se\u00f1or nos done la verdadera \u201cenerg\u00eda de la vida\u201d: el amor para compartir el pan, \u201cnuestro pan cotidiano\u201d, en paz y fraternidad. Y que no falte el pan y la dignidad del trabajo a todo hombre y mujer\u00bb.<\/div>\n<div>\u00a0<\/div>\n<div>Fuente: News.va\u00a0<\/div>\n<p><a href=\"http:\/\/web.hilo.org.pe\/wp-content\/uploads\/frutos tierra.jpg\" target=\"_blank\" rel=\"noopener\">Ver archivo adjunto<\/a><\/p>\n","protected":false},"excerpt":{"rendered":"<p>Queridos amigos, el Papa Francisco particip? en la ceremonia de inauguraci?n de la Exposici?n Universal de Mil?n 2015, a trav?s de una conexi?n televisiva. Les ofrecemos algunos fragmentos de su intervenci?n, dirigida al mundo entero:<\/p>\n","protected":false},"author":1,"featured_media":7855,"comment_status":"closed","ping_status":"closed","sticky":false,"template":"","format":"standard","meta":{"footnotes":""},"categories":[9],"tags":[],"class_list":["post-2311","post","type-post","status-publish","format-standard","has-post-thumbnail","hentry","category-noticias"],"_links":{"self":[{"href":"https:\/\/ceas.org.pe\/index.php\/wp-json\/wp\/v2\/posts\/2311","targetHints":{"allow":["GET"]}}],"collection":[{"href":"https:\/\/ceas.org.pe\/index.php\/wp-json\/wp\/v2\/posts"}],"about":[{"href":"https:\/\/ceas.org.pe\/index.php\/wp-json\/wp\/v2\/types\/post"}],"author":[{"embeddable":true,"href":"https:\/\/ceas.org.pe\/index.php\/wp-json\/wp\/v2\/users\/1"}],"replies":[{"embeddable":true,"href":"https:\/\/ceas.org.pe\/index.php\/wp-json\/wp\/v2\/comments?post=2311"}],"version-history":[{"count":1,"href":"https:\/\/ceas.org.pe\/index.php\/wp-json\/wp\/v2\/posts\/2311\/revisions"}],"predecessor-version":[{"id":6907,"href":"https:\/\/ceas.org.pe\/index.php\/wp-json\/wp\/v2\/posts\/2311\/revisions\/6907"}],"wp:featuredmedia":[{"embeddable":true,"href":"https:\/\/ceas.org.pe\/index.php\/wp-json\/wp\/v2\/media\/7855"}],"wp:attachment":[{"href":"https:\/\/ceas.org.pe\/index.php\/wp-json\/wp\/v2\/media?parent=2311"}],"wp:term":[{"taxonomy":"category","embeddable":true,"href":"https:\/\/ceas.org.pe\/index.php\/wp-json\/wp\/v2\/categories?post=2311"},{"taxonomy":"post_tag","embeddable":true,"href":"https:\/\/ceas.org.pe\/index.php\/wp-json\/wp\/v2\/tags?post=2311"}],"curies":[{"name":"wp","href":"https:\/\/api.w.org\/{rel}","templated":true}]}}