{"id":2308,"date":"2015-04-30T11:55:35","date_gmt":"2015-04-30T11:55:35","guid":{"rendered":""},"modified":"2026-03-11T09:12:13","modified_gmt":"2026-03-11T14:12:13","slug":"cor-unum-envoa-100-000-dolares-en-nombre-del-papa-a-nepal","status":"publish","type":"post","link":"https:\/\/ceas.org.pe\/index.php\/2015\/04\/30\/cor-unum-envoa-100-000-dolares-en-nombre-del-papa-a-nepal\/","title":{"rendered":"\u00bbCor Unum\u00bb env\u00f3a 100.000 d\u00f3lares en nombre del Papa a Nepal"},"content":{"rendered":"<p>El Pontificio Consejo \u00abCor Unum\u00bb ha anunciado esta ma\u00f1ana el env\u00edo de una primera suma de 100.000 d\u00f3lares, en nombre del Santo Padre, para ayudar a la poblaci\u00f3n de Nepal, v\u00edctima del terremoto que asol\u00f3 el pasado fin de semana ese pa\u00eds.<\/p>\n<div>\u00a0<\/div>\n<div>La suma, que ser\u00e1 enviada a la iglesia local, se utilizar\u00e1 en la labor de asistencia a los desplazados y a las v\u00edctimas del terremoto, y representa una expresi\u00f3n concreta de los sentimientos de cercan\u00eda espiritual y aliento paterno para las personas y territorios afectados, manifestados por el Papa durante el Regina Coeli del domingo 26 de abril. Las conferencias episcopales y los organismos de caridad cat\u00f3licos ya est\u00e1n trabajando en las tareas de socorro.<\/div>\n<div>\u00a0<\/div>\n<div>De acuerdo con los datos actualmente disponibles, si bien no definitivos, las v\u00edctimas, algunas de las cuales tambi\u00e9n registradas en los pa\u00edses vecinos, superar\u00edan las 4.300, 7 millones las personas afectadas en 34 distritos del estado de Nepal y un mill\u00f3n las que han perdido sus hogares, mientras 2 millones de ni\u00f1os necesitan ayuda. Varias localidades se encuentran aisladas y todav\u00eda no han recibido socorros. El gobierno ha estimado, adem\u00e1s, que hay cerca de 400.000 edificios destruidos.<\/div>\n<div>\u00a0<\/div>\n<div>Fuente: VIS<\/div>\n<p><a href=\"http:\/\/web.hilo.org.pe\/wp-content\/uploads\/corunum.jpg\" target=\"_blank\" rel=\"noopener\">Ver archivo adjunto<\/a><\/p>\n","protected":false},"excerpt":{"rendered":"<p>El Pontificio Consejo \u00abCor Unum\u00bb ha anunciado esta ma?ana el env?o de una primera suma de 100.000 d?lares, en nombre del Santo Padre, para ayudar a la poblaci?n de Nepal, v?ctima del terremoto que asol? el pasado fin de semana ese pa?s.<\/p>\n","protected":false},"author":1,"featured_media":7874,"comment_status":"closed","ping_status":"closed","sticky":false,"template":"","format":"standard","meta":{"footnotes":""},"categories":[9],"tags":[],"class_list":["post-2308","post","type-post","status-publish","format-standard","has-post-thumbnail","hentry","category-noticias"],"_links":{"self":[{"href":"https:\/\/ceas.org.pe\/index.php\/wp-json\/wp\/v2\/posts\/2308","targetHints":{"allow":["GET"]}}],"collection":[{"href":"https:\/\/ceas.org.pe\/index.php\/wp-json\/wp\/v2\/posts"}],"about":[{"href":"https:\/\/ceas.org.pe\/index.php\/wp-json\/wp\/v2\/types\/post"}],"author":[{"embeddable":true,"href":"https:\/\/ceas.org.pe\/index.php\/wp-json\/wp\/v2\/users\/1"}],"replies":[{"embeddable":true,"href":"https:\/\/ceas.org.pe\/index.php\/wp-json\/wp\/v2\/comments?post=2308"}],"version-history":[{"count":1,"href":"https:\/\/ceas.org.pe\/index.php\/wp-json\/wp\/v2\/posts\/2308\/revisions"}],"predecessor-version":[{"id":6910,"href":"https:\/\/ceas.org.pe\/index.php\/wp-json\/wp\/v2\/posts\/2308\/revisions\/6910"}],"wp:featuredmedia":[{"embeddable":true,"href":"https:\/\/ceas.org.pe\/index.php\/wp-json\/wp\/v2\/media\/7874"}],"wp:attachment":[{"href":"https:\/\/ceas.org.pe\/index.php\/wp-json\/wp\/v2\/media?parent=2308"}],"wp:term":[{"taxonomy":"category","embeddable":true,"href":"https:\/\/ceas.org.pe\/index.php\/wp-json\/wp\/v2\/categories?post=2308"},{"taxonomy":"post_tag","embeddable":true,"href":"https:\/\/ceas.org.pe\/index.php\/wp-json\/wp\/v2\/tags?post=2308"}],"curies":[{"name":"wp","href":"https:\/\/api.w.org\/{rel}","templated":true}]}}